{"id":5588,"date":"2020-04-01T07:30:14","date_gmt":"2020-04-01T07:30:14","guid":{"rendered":"https:\/\/benzifoundation.org\/covid-impatto-sui-pazienti-con-talassemia-e-drepanocitosi\/"},"modified":"2020-04-01T07:30:14","modified_gmt":"2020-04-01T07:30:14","slug":"covid-impatto-sui-pazienti-con-talassemia-e-drepanocitosi","status":"publish","type":"post","link":"https:\/\/benzifoundation.org\/it\/covid-impatto-sui-pazienti-con-talassemia-e-drepanocitosi\/","title":{"rendered":"Covid: impatto sui pazienti con Talassemia e Drepanocitosi"},"content":{"rendered":"<p>La pandemia di COVID-19 rappresenta un&#8217;emergenza sanitaria che coinvolge tutto il mondo e la comunit\u00e0 delle malattie rare non ne \u00e8 esclusa!<span data-ccp-props=\"{\"201341983\":0,\"335551550\":6,\"335551620\":6,\"335559739\":0,\"335559740\":240}\" data-wac-het=\"1\"> <\/span><\/p>\n<p>Uno dei principali ambiti di interesse della Fondazione Gianni Benzi riguarda le <span data-contrast=\"auto\">emoglobinopatie <\/span>ereditarie<span data-contrast=\"auto\">, come la<strong> <\/strong><\/span><strong>alassemia <\/strong>e la <strong>Drepanocitosi (Sickle Cell Disease)<\/strong>. In questo settore, la Fondazione porta avanti numerose attivit\u00e0 di ricerca e iniziative, coinvolgendo anche i pazienti, in stretta collaborazione con istituzioni esperte del settore, come la <strong>Fondazione Italiana Leonardo Giambrone<\/strong>.<br \/>Considerata l&#8217;attuale emergenza sanitaria,   Rossella Conte, ricercatrice della Fondazione Benzi da sempre impegnata nelle attivit\u00e0 legate alle emoglobinopatie, sottolinea che tra i pazienti maggiormente esposti ai rischi vi sono coloro che sono trattati con farmaci immunosoppressori, quelli affetti da patologie respiratorie e, soprattutto, i pazienti con una o pi\u00f9 complicanze che interessano diversi organi e apparati.<br \/>Tra questi rientrano i pazienti affetti da <strong>rare emoglobinopatie ereditarie<\/strong> (come la Drepanocitosi e la Talassemia) che necessitano di trasfusioni di sangue e che spesso possono presentare ulteriori complicanze, tali da esporli a un rischio maggiore. Ad oggi, non disponiamo di un&#8217;esperienza consolidata riguardo all&#8217;infezione in questi pazienti e qualsiasi dichiarazione o previsione rimane soltanto un&#8217;ipotesi. Attualmente, gli effetti dell&#8217;infezione su questi pazienti non sono ancora noti. <span data-contrast=\"auto\">\u00c8 ragionevole ritenere che i pazienti con un basso <strong>sovraccarico di ferro<\/strong> e con poche o nessuna complicanza <\/span>siano meno esposti a un esito clinico peggiore rispetto alla popolazione generale. Tuttavia, i pazienti affetti da Talassemia o Drepanocitosi che presentano complicanze potrebbero andare incontro a un decorso pi\u00f9 grave della malattia. Per questo motivo, Rossella Conte evidenzia la necessit\u00e0 di proteggere tutti i pazienti con emoglobinopatie, garantendo loro  <span data-contrast=\"auto\"> <\/span>la continuit\u00e0 delle terapie trasfusionali e dei trattamenti chelanti del ferro, assicurando cos\u00ec il loro diritto a cure salvavita, oggi minacciato anche dalle gravi difficolt\u00e0 incontrate dai donatori a causa dell&#8217;infezione.<span data-ccp-props=\"{\"201341983\":0,\"335551550\":6,\"335551620\":6,\"335559739\":0,\"335559740\":240}\" data-wac-het=\"1\"> <\/span><\/p>\n<p><span data-ccp-props=\"{\"201341983\":0,\"335551550\":6,\"335551620\":6,\"335559739\":0,\"335559740\":240}\" data-wac-het=\"1\"> <\/span><span data-contrast=\"auto\">\u00c8 importante ricordare che non esistono evidenze che dimostrino una trasmissione del virus attraverso il sangue.<\/span><span data-ccp-props=\"{\"201341983\":0,\"335551550\":6,\"335551620\":6,\"335559739\":0,\"335559740\":240}\" data-wac-het=\"1\"> <\/span><\/p>\n<p>Considerando che non sappiamo per quanto tempo dovremo convivere con il COVID-19, \u00e8 necessario prepararci al futuro. Abbiamo bisogno di saperne di pi\u00f9.<span data-ccp-props=\"{\"201341983\":0,\"335551550\":6,\"335551620\":6,\"335559739\":0,\"335559740\":240}\" data-wac-het=\"1\"> <\/span><\/p>\n<p>A tal fine, segnaliamo che, per contrastare l&#8217;infezione, la <a href=\"https:\/\/thalassaemia.org.cy\/\" target=\"_blank\" rel=\"noopener noreferrer\">Thalassaemia<\/a> <strong><a href=\"https:\/\/thalassaemia.org.cy\/\" target=\"_blank\" rel=\"noopener noreferrer\">International Federation (TIF) <\/a><\/strong><span data-contrast=\"auto\">invita tutti i professionisti sanitari a compilare un questionario che <\/span><span data-contrast=\"auto\">contribuir\u00e0 alla creazione di un registro internazionale, finalizzato alla raccolta di dati clinici sui pazienti con <\/span><span data-contrast=\"auto\">T<\/span><span data-contrast=\"auto\">alassemia e <\/span><span data-contrast=\"auto\">D<\/span><span data-contrast=\"auto\">repa <\/span><span data-contrast=\"auto\">n<\/span><span data-contrast=\"auto\">oci <\/span><span data-contrast=\"auto\">tosi<\/span><span data-contrast=\"auto\">colpiti dal virus SARS-CoV-2.<\/span><span data-contrast=\"auto\">-2.  <\/span><span data-contrast=\"auto\">Le osservazioni dettagliate e i dati raccolti consentiranno di disporre di maggiori informazioni <\/span><span data-contrast=\"auto\">e di adottare ulteriori precauzioni e\/o trattamenti <\/span><span data-contrast=\"auto\">tempestivamente.<\/span><span data-ccp-props=\"{\"201341983\":0,\"335551550\":6,\"335551620\":6,\"335559739\":0,\"335559740\":240}\" data-wac-het=\"1\"> <\/span><\/p>\n<p>Sono disponibili due questionari distinti, rispettivamente per:<span data-ccp-props=\"{\"201341983\":0,\"335551550\":6,\"335551620\":6,\"335559739\":0,\"335559740\":240}\" data-wac-het=\"1\"> <\/span><\/p>\n<ul>\n<li data-leveltext=\"\uf0b7\" data-font=\"Symbol\" data-listid=\"1\" aria-setsize=\"-1\" data-aria-posinset=\"1\" data-aria-level=\"1\"><a href=\"https:\/\/www.surveymonkey.com\/r\/F7QLNRJ\" target=\"_blank\" rel=\"noopener noreferrer\"><strong>pazienti con Talassemia;<\/strong><\/a><\/li>\n<li data-leveltext=\"\uf0b7\" data-font=\"Symbol\" data-listid=\"1\" aria-setsize=\"-1\" data-aria-posinset=\"2\" data-aria-level=\"1\"><a href=\"https:\/\/covidsicklecell.org\" target=\"_blank\" rel=\"noopener noreferrer\"><strong>pazienti con Drepanocitosi. <\/strong><\/a><\/li>\n<\/ul>\n<p>Inoltre, la TIF ha realizzato del materiale informativo, rivolto sia ai pazienti che agli operatori sanitari, incentrato sul coronavirus in relazione alle emoglobinopatie, come il volantino \u201cPandemia di COVID-19 ed emoglobinopatie\u201d , gi\u00e0 tradotto in diverse lingue, il documento \u201cPercorso proposto da TIF per i pazienti con emoglobinopatie durante la pandemia di COVID-19\u201d, una \u201cGuida breve su salute e alimentazione\u201d, oltre a tante altre risorse interessanti che puoi trovare sul <a href=\"https:\/\/thalassaemia.org.cy\/covid-19-pandemic\/\"><strong>sito web della TIF<\/strong><\/a>. I documenti vengono aggiornati costantemente in base agli sviluppi della situazione di emergenza. <\/p>\n<p><span data-contrast=\"auto\"> <\/span><span data-ccp-props=\"{\"201341983\":0,\"335551550\":6,\"335551620\":6,\"335559739\":0,\"335559740\":240}\" data-wac-het=\"1\"> <\/span><\/p>\n","protected":false},"excerpt":{"rendered":"<p>COVID-19 pandemic is a health emergency involving all the world and the rare disease community is not excluded. Among the patients exposed to major risks, there are those treated with immunosuppressive drugs and those affected by respiratory diseases, but most of all those who have one or more complications affecting several organs and systems. <\/p>\n","protected":false},"author":1,"featured_media":4506,"comment_status":"open","ping_status":"open","sticky":false,"template":"","format":"standard","meta":{"footnotes":""},"categories":[190],"tags":[226,222],"class_list":["post-5588","post","type-post","status-publish","format-standard","has-post-thumbnail","hentry","category-covid19","tag-covid-19","tag-emoglobinopatie"],"yoast_head":"<!-- This site is optimized with the Yoast SEO plugin v28.3 - https:\/\/yoast.com\/product\/yoast-seo-wordpress\/ -->\n<title>Covid: impatto sui pazienti con Talassemia e Drepanocitosi - Fondazione Gianni Benzi - ETS<\/title>\n<meta name=\"description\" content=\"Il COVID-19 comporta rischi significativi per i pazienti affetti da Talassemia e Drepanocitosi (SCD), evidenziando la necessit\u00e0 di garantire la continuit\u00e0 delle cure e dei trattamenti per sviluppare strategie assistenziali pi\u00f9 efficaci.\" \/>\n<meta name=\"robots\" content=\"index, follow, max-snippet:-1, max-image-preview:large, max-video-preview:-1\" \/>\n<link rel=\"canonical\" href=\"https:\/\/benzifoundation.org\/it\/covid-impatto-sui-pazienti-con-talassemia-e-drepanocitosi\/\" \/>\n<meta property=\"og:locale\" content=\"it_IT\" \/>\n<meta property=\"og:type\" content=\"article\" \/>\n<meta property=\"og:title\" content=\"Covid: impatto sui pazienti con Talassemia e Drepanocitosi - Fondazione Gianni Benzi - ETS\" \/>\n<meta property=\"og:description\" content=\"Il COVID-19 comporta rischi significativi per i pazienti affetti da Talassemia e Drepanocitosi (SCD), evidenziando la necessit\u00e0 di garantire la continuit\u00e0 delle cure e dei trattamenti per sviluppare strategie assistenziali pi\u00f9 efficaci.\" \/>\n<meta property=\"og:url\" content=\"https:\/\/benzifoundation.org\/it\/covid-impatto-sui-pazienti-con-talassemia-e-drepanocitosi\/\" \/>\n<meta property=\"og:site_name\" content=\"Fondazione Gianni Benzi - ETS\" \/>\n<meta property=\"article:published_time\" content=\"2020-04-01T07:30:14+00:00\" \/>\n<meta property=\"og:image\" content=\"https:\/\/benzifoundation.org\/wp-content\/uploads\/2026\/01\/heart-doctor.jpg\" \/>\n\t<meta property=\"og:image:width\" content=\"2000\" \/>\n\t<meta property=\"og:image:height\" content=\"1333\" \/>\n\t<meta property=\"og:image:type\" content=\"image\/jpeg\" \/>\n<meta name=\"author\" content=\"admin\" \/>\n<meta name=\"twitter:card\" content=\"summary_large_image\" \/>\n<meta name=\"twitter:label1\" content=\"Scritto da\" \/>\n\t<meta name=\"twitter:data1\" content=\"admin\" \/>\n\t<meta name=\"twitter:label2\" content=\"Tempo di lettura stimato\" \/>\n\t<meta name=\"twitter:data2\" content=\"3 minuti\" \/>\n<script type=\"application\/ld+json\" class=\"yoast-schema-graph\">{\"@context\":\"https:\\\/\\\/schema.org\",\"@graph\":[{\"@type\":\"Article\",\"@id\":\"https:\\\/\\\/benzifoundation.org\\\/it\\\/covid-impatto-sui-pazienti-con-talassemia-e-drepanocitosi\\\/#article\",\"isPartOf\":{\"@id\":\"https:\\\/\\\/benzifoundation.org\\\/it\\\/covid-impatto-sui-pazienti-con-talassemia-e-drepanocitosi\\\/\"},\"author\":{\"name\":\"admin\",\"@id\":\"https:\\\/\\\/benzifoundation.org\\\/it\\\/#\\\/schema\\\/person\\\/b927dbd45f2d82849380299ff732c266\"},\"headline\":\"Covid: impatto sui pazienti con Talassemia e Drepanocitosi\",\"datePublished\":\"2020-04-01T07:30:14+00:00\",\"mainEntityOfPage\":{\"@id\":\"https:\\\/\\\/benzifoundation.org\\\/it\\\/covid-impatto-sui-pazienti-con-talassemia-e-drepanocitosi\\\/\"},\"wordCount\":522,\"commentCount\":0,\"image\":{\"@id\":\"https:\\\/\\\/benzifoundation.org\\\/it\\\/covid-impatto-sui-pazienti-con-talassemia-e-drepanocitosi\\\/#primaryimage\"},\"thumbnailUrl\":\"https:\\\/\\\/benzifoundation.org\\\/wp-content\\\/uploads\\\/2026\\\/01\\\/heart-doctor.jpg\",\"keywords\":[\"covid 19\",\"emoglobinopatie\"],\"articleSection\":[\"Covid19\"],\"inLanguage\":\"it-IT\",\"potentialAction\":[{\"@type\":\"CommentAction\",\"name\":\"Comment\",\"target\":[\"https:\\\/\\\/benzifoundation.org\\\/it\\\/covid-impatto-sui-pazienti-con-talassemia-e-drepanocitosi\\\/#respond\"]}]},{\"@type\":\"WebPage\",\"@id\":\"https:\\\/\\\/benzifoundation.org\\\/it\\\/covid-impatto-sui-pazienti-con-talassemia-e-drepanocitosi\\\/\",\"url\":\"https:\\\/\\\/benzifoundation.org\\\/it\\\/covid-impatto-sui-pazienti-con-talassemia-e-drepanocitosi\\\/\",\"name\":\"Covid: impatto sui pazienti con Talassemia e Drepanocitosi - Fondazione Gianni Benzi - ETS\",\"isPartOf\":{\"@id\":\"https:\\\/\\\/benzifoundation.org\\\/it\\\/#website\"},\"primaryImageOfPage\":{\"@id\":\"https:\\\/\\\/benzifoundation.org\\\/it\\\/covid-impatto-sui-pazienti-con-talassemia-e-drepanocitosi\\\/#primaryimage\"},\"image\":{\"@id\":\"https:\\\/\\\/benzifoundation.org\\\/it\\\/covid-impatto-sui-pazienti-con-talassemia-e-drepanocitosi\\\/#primaryimage\"},\"thumbnailUrl\":\"https:\\\/\\\/benzifoundation.org\\\/wp-content\\\/uploads\\\/2026\\\/01\\\/heart-doctor.jpg\",\"datePublished\":\"2020-04-01T07:30:14+00:00\",\"author\":{\"@id\":\"https:\\\/\\\/benzifoundation.org\\\/it\\\/#\\\/schema\\\/person\\\/b927dbd45f2d82849380299ff732c266\"},\"description\":\"Il COVID-19 comporta rischi significativi per i pazienti affetti da Talassemia e Drepanocitosi (SCD), evidenziando la necessit\u00e0 di garantire la continuit\u00e0 delle cure e dei trattamenti per sviluppare strategie assistenziali pi\u00f9 efficaci.\",\"breadcrumb\":{\"@id\":\"https:\\\/\\\/benzifoundation.org\\\/it\\\/covid-impatto-sui-pazienti-con-talassemia-e-drepanocitosi\\\/#breadcrumb\"},\"inLanguage\":\"it-IT\",\"potentialAction\":[{\"@type\":\"ReadAction\",\"target\":[\"https:\\\/\\\/benzifoundation.org\\\/it\\\/covid-impatto-sui-pazienti-con-talassemia-e-drepanocitosi\\\/\"]}]},{\"@type\":\"ImageObject\",\"inLanguage\":\"it-IT\",\"@id\":\"https:\\\/\\\/benzifoundation.org\\\/it\\\/covid-impatto-sui-pazienti-con-talassemia-e-drepanocitosi\\\/#primaryimage\",\"url\":\"https:\\\/\\\/benzifoundation.org\\\/wp-content\\\/uploads\\\/2026\\\/01\\\/heart-doctor.jpg\",\"contentUrl\":\"https:\\\/\\\/benzifoundation.org\\\/wp-content\\\/uploads\\\/2026\\\/01\\\/heart-doctor.jpg\",\"width\":2000,\"height\":1333},{\"@type\":\"BreadcrumbList\",\"@id\":\"https:\\\/\\\/benzifoundation.org\\\/it\\\/covid-impatto-sui-pazienti-con-talassemia-e-drepanocitosi\\\/#breadcrumb\",\"itemListElement\":[{\"@type\":\"ListItem\",\"position\":1,\"name\":\"Home\",\"item\":\"https:\\\/\\\/benzifoundation.org\\\/it\\\/\"},{\"@type\":\"ListItem\",\"position\":2,\"name\":\"Covid: impatto sui pazienti con Talassemia e Drepanocitosi\"}]},{\"@type\":\"WebSite\",\"@id\":\"https:\\\/\\\/benzifoundation.org\\\/it\\\/#website\",\"url\":\"https:\\\/\\\/benzifoundation.org\\\/it\\\/\",\"name\":\"Fondazione Gianni Benzi - ETS\",\"description\":\"\",\"potentialAction\":[{\"@type\":\"SearchAction\",\"target\":{\"@type\":\"EntryPoint\",\"urlTemplate\":\"https:\\\/\\\/benzifoundation.org\\\/it\\\/?s={search_term_string}\"},\"query-input\":{\"@type\":\"PropertyValueSpecification\",\"valueRequired\":true,\"valueName\":\"search_term_string\"}}],\"inLanguage\":\"it-IT\"},{\"@type\":\"Person\",\"@id\":\"https:\\\/\\\/benzifoundation.org\\\/it\\\/#\\\/schema\\\/person\\\/b927dbd45f2d82849380299ff732c266\",\"name\":\"admin\",\"image\":{\"@type\":\"ImageObject\",\"inLanguage\":\"it-IT\",\"@id\":\"https:\\\/\\\/secure.gravatar.com\\\/avatar\\\/b53d43f1aaeceec75df4938b3e2a7ffb4ca7517db228bbe25ca85e468bfa6e26?s=96&d=mm&r=g\",\"url\":\"https:\\\/\\\/secure.gravatar.com\\\/avatar\\\/b53d43f1aaeceec75df4938b3e2a7ffb4ca7517db228bbe25ca85e468bfa6e26?s=96&d=mm&r=g\",\"contentUrl\":\"https:\\\/\\\/secure.gravatar.com\\\/avatar\\\/b53d43f1aaeceec75df4938b3e2a7ffb4ca7517db228bbe25ca85e468bfa6e26?s=96&d=mm&r=g\",\"caption\":\"admin\"},\"sameAs\":[\"https:\\\/\\\/benzifoundation.org\"],\"url\":\"https:\\\/\\\/benzifoundation.org\\\/it\\\/author\\\/admin\\\/\"}]}<\/script>\n<!-- \/ Yoast SEO plugin. -->","yoast_head_json":{"title":"Covid: impatto sui pazienti con Talassemia e Drepanocitosi - Fondazione Gianni Benzi - ETS","description":"Il COVID-19 comporta rischi significativi per i pazienti affetti da Talassemia e Drepanocitosi (SCD), evidenziando la necessit\u00e0 di garantire la continuit\u00e0 delle cure e dei trattamenti per sviluppare strategie assistenziali pi\u00f9 efficaci.","robots":{"index":"index","follow":"follow","max-snippet":"max-snippet:-1","max-image-preview":"max-image-preview:large","max-video-preview":"max-video-preview:-1"},"canonical":"https:\/\/benzifoundation.org\/it\/covid-impatto-sui-pazienti-con-talassemia-e-drepanocitosi\/","og_locale":"it_IT","og_type":"article","og_title":"Covid: impatto sui pazienti con Talassemia e Drepanocitosi - Fondazione Gianni Benzi - ETS","og_description":"Il COVID-19 comporta rischi significativi per i pazienti affetti da Talassemia e Drepanocitosi (SCD), evidenziando la necessit\u00e0 di garantire la continuit\u00e0 delle cure e dei trattamenti per sviluppare strategie assistenziali pi\u00f9 efficaci.","og_url":"https:\/\/benzifoundation.org\/it\/covid-impatto-sui-pazienti-con-talassemia-e-drepanocitosi\/","og_site_name":"Fondazione Gianni Benzi - ETS","article_published_time":"2020-04-01T07:30:14+00:00","og_image":[{"width":2000,"height":1333,"url":"https:\/\/benzifoundation.org\/wp-content\/uploads\/2026\/01\/heart-doctor.jpg","type":"image\/jpeg"}],"author":"admin","twitter_card":"summary_large_image","twitter_misc":{"Scritto da":"admin","Tempo di lettura stimato":"3 minuti"},"schema":{"@context":"https:\/\/schema.org","@graph":[{"@type":"Article","@id":"https:\/\/benzifoundation.org\/it\/covid-impatto-sui-pazienti-con-talassemia-e-drepanocitosi\/#article","isPartOf":{"@id":"https:\/\/benzifoundation.org\/it\/covid-impatto-sui-pazienti-con-talassemia-e-drepanocitosi\/"},"author":{"name":"admin","@id":"https:\/\/benzifoundation.org\/it\/#\/schema\/person\/b927dbd45f2d82849380299ff732c266"},"headline":"Covid: impatto sui pazienti con Talassemia e Drepanocitosi","datePublished":"2020-04-01T07:30:14+00:00","mainEntityOfPage":{"@id":"https:\/\/benzifoundation.org\/it\/covid-impatto-sui-pazienti-con-talassemia-e-drepanocitosi\/"},"wordCount":522,"commentCount":0,"image":{"@id":"https:\/\/benzifoundation.org\/it\/covid-impatto-sui-pazienti-con-talassemia-e-drepanocitosi\/#primaryimage"},"thumbnailUrl":"https:\/\/benzifoundation.org\/wp-content\/uploads\/2026\/01\/heart-doctor.jpg","keywords":["covid 19","emoglobinopatie"],"articleSection":["Covid19"],"inLanguage":"it-IT","potentialAction":[{"@type":"CommentAction","name":"Comment","target":["https:\/\/benzifoundation.org\/it\/covid-impatto-sui-pazienti-con-talassemia-e-drepanocitosi\/#respond"]}]},{"@type":"WebPage","@id":"https:\/\/benzifoundation.org\/it\/covid-impatto-sui-pazienti-con-talassemia-e-drepanocitosi\/","url":"https:\/\/benzifoundation.org\/it\/covid-impatto-sui-pazienti-con-talassemia-e-drepanocitosi\/","name":"Covid: impatto sui pazienti con Talassemia e Drepanocitosi - Fondazione Gianni Benzi - ETS","isPartOf":{"@id":"https:\/\/benzifoundation.org\/it\/#website"},"primaryImageOfPage":{"@id":"https:\/\/benzifoundation.org\/it\/covid-impatto-sui-pazienti-con-talassemia-e-drepanocitosi\/#primaryimage"},"image":{"@id":"https:\/\/benzifoundation.org\/it\/covid-impatto-sui-pazienti-con-talassemia-e-drepanocitosi\/#primaryimage"},"thumbnailUrl":"https:\/\/benzifoundation.org\/wp-content\/uploads\/2026\/01\/heart-doctor.jpg","datePublished":"2020-04-01T07:30:14+00:00","author":{"@id":"https:\/\/benzifoundation.org\/it\/#\/schema\/person\/b927dbd45f2d82849380299ff732c266"},"description":"Il COVID-19 comporta rischi significativi per i pazienti affetti da Talassemia e Drepanocitosi (SCD), evidenziando la necessit\u00e0 di garantire la continuit\u00e0 delle cure e dei trattamenti per sviluppare strategie assistenziali pi\u00f9 efficaci.","breadcrumb":{"@id":"https:\/\/benzifoundation.org\/it\/covid-impatto-sui-pazienti-con-talassemia-e-drepanocitosi\/#breadcrumb"},"inLanguage":"it-IT","potentialAction":[{"@type":"ReadAction","target":["https:\/\/benzifoundation.org\/it\/covid-impatto-sui-pazienti-con-talassemia-e-drepanocitosi\/"]}]},{"@type":"ImageObject","inLanguage":"it-IT","@id":"https:\/\/benzifoundation.org\/it\/covid-impatto-sui-pazienti-con-talassemia-e-drepanocitosi\/#primaryimage","url":"https:\/\/benzifoundation.org\/wp-content\/uploads\/2026\/01\/heart-doctor.jpg","contentUrl":"https:\/\/benzifoundation.org\/wp-content\/uploads\/2026\/01\/heart-doctor.jpg","width":2000,"height":1333},{"@type":"BreadcrumbList","@id":"https:\/\/benzifoundation.org\/it\/covid-impatto-sui-pazienti-con-talassemia-e-drepanocitosi\/#breadcrumb","itemListElement":[{"@type":"ListItem","position":1,"name":"Home","item":"https:\/\/benzifoundation.org\/it\/"},{"@type":"ListItem","position":2,"name":"Covid: impatto sui pazienti con Talassemia e Drepanocitosi"}]},{"@type":"WebSite","@id":"https:\/\/benzifoundation.org\/it\/#website","url":"https:\/\/benzifoundation.org\/it\/","name":"Fondazione Gianni Benzi - ETS","description":"","potentialAction":[{"@type":"SearchAction","target":{"@type":"EntryPoint","urlTemplate":"https:\/\/benzifoundation.org\/it\/?s={search_term_string}"},"query-input":{"@type":"PropertyValueSpecification","valueRequired":true,"valueName":"search_term_string"}}],"inLanguage":"it-IT"},{"@type":"Person","@id":"https:\/\/benzifoundation.org\/it\/#\/schema\/person\/b927dbd45f2d82849380299ff732c266","name":"admin","image":{"@type":"ImageObject","inLanguage":"it-IT","@id":"https:\/\/secure.gravatar.com\/avatar\/b53d43f1aaeceec75df4938b3e2a7ffb4ca7517db228bbe25ca85e468bfa6e26?s=96&d=mm&r=g","url":"https:\/\/secure.gravatar.com\/avatar\/b53d43f1aaeceec75df4938b3e2a7ffb4ca7517db228bbe25ca85e468bfa6e26?s=96&d=mm&r=g","contentUrl":"https:\/\/secure.gravatar.com\/avatar\/b53d43f1aaeceec75df4938b3e2a7ffb4ca7517db228bbe25ca85e468bfa6e26?s=96&d=mm&r=g","caption":"admin"},"sameAs":["https:\/\/benzifoundation.org"],"url":"https:\/\/benzifoundation.org\/it\/author\/admin\/"}]}},"_links":{"self":[{"href":"https:\/\/benzifoundation.org\/it\/wp-json\/wp\/v2\/posts\/5588","targetHints":{"allow":["GET"]}}],"collection":[{"href":"https:\/\/benzifoundation.org\/it\/wp-json\/wp\/v2\/posts"}],"about":[{"href":"https:\/\/benzifoundation.org\/it\/wp-json\/wp\/v2\/types\/post"}],"author":[{"embeddable":true,"href":"https:\/\/benzifoundation.org\/it\/wp-json\/wp\/v2\/users\/1"}],"replies":[{"embeddable":true,"href":"https:\/\/benzifoundation.org\/it\/wp-json\/wp\/v2\/comments?post=5588"}],"version-history":[{"count":0,"href":"https:\/\/benzifoundation.org\/it\/wp-json\/wp\/v2\/posts\/5588\/revisions"}],"wp:featuredmedia":[{"embeddable":true,"href":"https:\/\/benzifoundation.org\/it\/wp-json\/wp\/v2\/media\/4506"}],"wp:attachment":[{"href":"https:\/\/benzifoundation.org\/it\/wp-json\/wp\/v2\/media?parent=5588"}],"wp:term":[{"taxonomy":"category","embeddable":true,"href":"https:\/\/benzifoundation.org\/it\/wp-json\/wp\/v2\/categories?post=5588"},{"taxonomy":"post_tag","embeddable":true,"href":"https:\/\/benzifoundation.org\/it\/wp-json\/wp\/v2\/tags?post=5588"}],"curies":[{"name":"wp","href":"https:\/\/api.w.org\/{rel}","templated":true}]}}