{"id":5512,"date":"2026-06-18T08:38:42","date_gmt":"2026-06-18T08:38:42","guid":{"rendered":"https:\/\/benzifoundation.org\/19-giugno-2026-giornata-mondiale-dellanemia-falciforme\/"},"modified":"2026-07-20T13:02:21","modified_gmt":"2026-07-20T13:02:21","slug":"19-giugno-2026-giornata-mondiale-dellanemia-falciforme","status":"publish","type":"post","link":"https:\/\/benzifoundation.org\/it\/19-giugno-2026-giornata-mondiale-dellanemia-falciforme\/","title":{"rendered":"19 giugno 2026: Giornata Mondiale dell\u2019Anemia Falciforme"},"content":{"rendered":"<p data-start=\"78\" data-end=\"396\">Il 19 giugno si celebra la<strong> Giornata Mondiale dell\u2019Anemia Falciforme<\/strong>, un\u2019importante occasione per accendere i riflettori su una delle pi\u00f9 diffuse emoglobinopatie ereditarie al mondo e promuovere una maggiore consapevolezza su una patologia che, ancora oggi, \u00e8 spesso poco conosciuta e accompagnata da falsi miti e disinformazione.<\/p>\n<p data-start=\"398\" data-end=\"982\">L\u2019<strong>anemia falciforme<\/strong>, nota anche come drepanocitosi, \u00e8 una malattia genetica rara del sangue che accompagna la persona fin dalla nascita e pu\u00f2 avere un impatto significativo sulla qualit\u00e0 della vita. \u00c8 causata da un\u2019alterazione dell\u2019emoglobina che porta i globuli rossi ad assumere una caratteristica forma \u201ca falce\u201d, ostacolando il normale flusso sanguigno e favorendo l\u2019insorgenza di sintomi e complicanze. Non si manifesta soltanto con le crisi dolorose, che rappresentano l\u2019aspetto pi\u00f9 noto della patologia, ma pu\u00f2 interessare nel tempo diversi organi e richiede un monitoraggio regolare e una presa in carico multidisciplinare specialistica.  <\/p>\n<p data-start=\"984\" data-end=\"1425\">Negli ultimi decenni, <strong>i progressi della ricerca e dell\u2019innovazione terapeutica<\/strong> hanno profondamente modificato la storia naturale della malattia. La diagnosi precoce, lo screening, i programmi di prevenzione e i controlli specialistici consentono oggi di migliorare la gestione clinica e ridurre il rischio di complicanze, mentre lo sviluppo di nuove opzioni terapeutiche, comprese le terapie avanzate e geniche, sta aprendo scenari sempre pi\u00f9 promettenti per il futuro. <\/p>\n<p data-start=\"1427\" data-end=\"1767\">La Giornata Mondiale dell\u2019Anemia Falciforme rappresenta quindi un momento fondamentale per promuovere la conoscenza della patologia, sensibilizzare sull\u2019importanza dello screening e della diagnosi precoce, valorizzare il ruolo della ricerca e contribuire a superare le disuguaglianze e lo stigma che ancora oggi a possono influenzare il percorso di cura e la qualit\u00e0 della vita delle persone che convivono con questa condizione.<\/p>\n<p data-start=\"1769\" data-end=\"2243\">In occasione della Giornata, Fondazione Gianni Benzi lancia u<strong>na nuova serie delle <a href=\"https:\/\/benzifoundation.org\/fgb-pills-understanding-research-in-just-a-few-minutes-is-possible\/\" target=\"_blank\" rel=\"noopener\">FGB Pills<\/a> dedicata all\u2019anemia falciforme<\/strong>, accompagnata da una<a href=\"https:\/\/benzifoundation.org\/fgb-pills-sickle-cell\/\" target=\"_blank\" rel=\"noopener\"> <strong>landing page tematica<\/strong><\/a> che raccoglie brevi video informativi pensati per raccontare, in modo semplice e accessibile a tutti, i diversi aspetti della malattia, offrendo strumenti utili per informare, sensibilizzare e contribuire a costruire una cultura della salute pi\u00f9 consapevole e inclusiva. <\/p>\n<p data-start=\"2245\" data-end=\"2328\">Perch\u00e9 una malattia rara pu\u00f2 essere poco conosciuta, ma l\u2019informazione non dovrebbe esserlo.<\/p>\n<p data-start=\"2330\" data-end=\"2443\" data-is-last-node=\"\" data-is-only-node=\"\"><strong data-start=\"2330\" data-end=\"2443\" data-is-last-node=\"\">Conoscere \u00e8 il primo passo per comprendere. Comprendere \u00e8 il primo passo per fare la differenza. <\/strong><\/p>\n","protected":false},"excerpt":{"rendered":"<p>Il 19 giugno si celebra la Giornata Mondiale dell\u2019Anemia Falciforme, un\u2019importante occasione per accendere i riflettori su una delle pi\u00f9 diffuse emoglobinopatie ereditarie al mondo e promuovere una maggiore consapevolezza su una patologia che, ancora oggi, \u00e8 spesso poco conosciuta e accompagnata da falsi miti e disinformazione. L\u2019anemia falciforme, nota anche come drepanocitosi, \u00e8 una [&hellip;]<\/p>\n","protected":false},"author":2,"featured_media":5511,"comment_status":"closed","ping_status":"closed","sticky":false,"template":"","format":"standard","meta":{"footnotes":""},"categories":[225,125],"tags":[222],"class_list":["post-5512","post","type-post","status-publish","format-standard","has-post-thumbnail","hentry","category-haemoglobinopathies","category-news","tag-emoglobinopatie"],"yoast_head":"<!-- This site is optimized with the Yoast SEO plugin v28.3 - https:\/\/yoast.com\/product\/yoast-seo-wordpress\/ -->\n<title>19 giugno 2026: Giornata Mondiale dell\u2019Anemia Falciforme - Fondazione Gianni Benzi - ETS<\/title>\n<meta name=\"description\" content=\"La Giornata Mondiale dell\u2019Anemia Falciforme sensibilizza sull\u2019importanza della diagnosi precoce e mette in luce i progressi della ricerca che migliorano la vita dei pazienti.\" \/>\n<meta name=\"robots\" content=\"index, follow, max-snippet:-1, max-image-preview:large, max-video-preview:-1\" \/>\n<link rel=\"canonical\" href=\"https:\/\/benzifoundation.org\/it\/19-giugno-2026-giornata-mondiale-dellanemia-falciforme\/\" \/>\n<meta property=\"og:locale\" content=\"it_IT\" \/>\n<meta property=\"og:type\" content=\"article\" \/>\n<meta property=\"og:title\" content=\"19 giugno 2026: Giornata Mondiale dell\u2019Anemia Falciforme - Fondazione Gianni Benzi - ETS\" \/>\n<meta property=\"og:description\" content=\"La Giornata Mondiale dell\u2019Anemia Falciforme sensibilizza sull\u2019importanza della diagnosi precoce e mette in luce i progressi della ricerca che migliorano la vita dei pazienti.\" \/>\n<meta property=\"og:url\" content=\"https:\/\/benzifoundation.org\/it\/19-giugno-2026-giornata-mondiale-dellanemia-falciforme\/\" \/>\n<meta property=\"og:site_name\" content=\"Fondazione Gianni Benzi - ETS\" \/>\n<meta property=\"article:published_time\" content=\"2026-06-18T08:38:42+00:00\" \/>\n<meta property=\"article:modified_time\" content=\"2026-07-20T13:02:21+00:00\" \/>\n<meta property=\"og:image\" content=\"https:\/\/benzifoundation.org\/wp-content\/uploads\/2026\/06\/wscd-2026.png\" \/>\n\t<meta property=\"og:image:width\" content=\"1200\" \/>\n\t<meta property=\"og:image:height\" content=\"1000\" \/>\n\t<meta property=\"og:image:type\" content=\"image\/png\" \/>\n<meta name=\"author\" content=\"Francesca Basile\" \/>\n<meta name=\"twitter:card\" content=\"summary_large_image\" \/>\n<meta name=\"twitter:label1\" content=\"Scritto da\" \/>\n\t<meta name=\"twitter:data1\" content=\"Francesca Basile\" \/>\n\t<meta name=\"twitter:label2\" content=\"Tempo di lettura stimato\" \/>\n\t<meta name=\"twitter:data2\" content=\"2 minuti\" \/>\n<script type=\"application\/ld+json\" class=\"yoast-schema-graph\">{\"@context\":\"https:\\\/\\\/schema.org\",\"@graph\":[{\"@type\":\"Article\",\"@id\":\"https:\\\/\\\/benzifoundation.org\\\/it\\\/19-giugno-2026-giornata-mondiale-dellanemia-falciforme\\\/#article\",\"isPartOf\":{\"@id\":\"https:\\\/\\\/benzifoundation.org\\\/it\\\/19-giugno-2026-giornata-mondiale-dellanemia-falciforme\\\/\"},\"author\":{\"name\":\"Francesca Basile\",\"@id\":\"https:\\\/\\\/benzifoundation.org\\\/it\\\/#\\\/schema\\\/person\\\/63fafc07257f53a78aad77e22208a618\"},\"headline\":\"19 giugno 2026: Giornata Mondiale dell\u2019Anemia Falciforme\",\"datePublished\":\"2026-06-18T08:38:42+00:00\",\"dateModified\":\"2026-07-20T13:02:21+00:00\",\"mainEntityOfPage\":{\"@id\":\"https:\\\/\\\/benzifoundation.org\\\/it\\\/19-giugno-2026-giornata-mondiale-dellanemia-falciforme\\\/\"},\"wordCount\":368,\"image\":{\"@id\":\"https:\\\/\\\/benzifoundation.org\\\/it\\\/19-giugno-2026-giornata-mondiale-dellanemia-falciforme\\\/#primaryimage\"},\"thumbnailUrl\":\"https:\\\/\\\/benzifoundation.org\\\/wp-content\\\/uploads\\\/2026\\\/06\\\/wscd-2026.png\",\"keywords\":[\"emoglobinopatie\"],\"articleSection\":[\"Haemoglobinopathies\",\"News\"],\"inLanguage\":\"it-IT\"},{\"@type\":\"WebPage\",\"@id\":\"https:\\\/\\\/benzifoundation.org\\\/it\\\/19-giugno-2026-giornata-mondiale-dellanemia-falciforme\\\/\",\"url\":\"https:\\\/\\\/benzifoundation.org\\\/it\\\/19-giugno-2026-giornata-mondiale-dellanemia-falciforme\\\/\",\"name\":\"19 giugno 2026: Giornata Mondiale dell\u2019Anemia Falciforme - Fondazione Gianni Benzi - ETS\",\"isPartOf\":{\"@id\":\"https:\\\/\\\/benzifoundation.org\\\/it\\\/#website\"},\"primaryImageOfPage\":{\"@id\":\"https:\\\/\\\/benzifoundation.org\\\/it\\\/19-giugno-2026-giornata-mondiale-dellanemia-falciforme\\\/#primaryimage\"},\"image\":{\"@id\":\"https:\\\/\\\/benzifoundation.org\\\/it\\\/19-giugno-2026-giornata-mondiale-dellanemia-falciforme\\\/#primaryimage\"},\"thumbnailUrl\":\"https:\\\/\\\/benzifoundation.org\\\/wp-content\\\/uploads\\\/2026\\\/06\\\/wscd-2026.png\",\"datePublished\":\"2026-06-18T08:38:42+00:00\",\"dateModified\":\"2026-07-20T13:02:21+00:00\",\"author\":{\"@id\":\"https:\\\/\\\/benzifoundation.org\\\/it\\\/#\\\/schema\\\/person\\\/63fafc07257f53a78aad77e22208a618\"},\"description\":\"La Giornata Mondiale dell\u2019Anemia Falciforme sensibilizza sull\u2019importanza della diagnosi precoce e mette in luce i progressi della ricerca che migliorano la vita dei pazienti.\",\"breadcrumb\":{\"@id\":\"https:\\\/\\\/benzifoundation.org\\\/it\\\/19-giugno-2026-giornata-mondiale-dellanemia-falciforme\\\/#breadcrumb\"},\"inLanguage\":\"it-IT\",\"potentialAction\":[{\"@type\":\"ReadAction\",\"target\":[\"https:\\\/\\\/benzifoundation.org\\\/it\\\/19-giugno-2026-giornata-mondiale-dellanemia-falciforme\\\/\"]}]},{\"@type\":\"ImageObject\",\"inLanguage\":\"it-IT\",\"@id\":\"https:\\\/\\\/benzifoundation.org\\\/it\\\/19-giugno-2026-giornata-mondiale-dellanemia-falciforme\\\/#primaryimage\",\"url\":\"https:\\\/\\\/benzifoundation.org\\\/wp-content\\\/uploads\\\/2026\\\/06\\\/wscd-2026.png\",\"contentUrl\":\"https:\\\/\\\/benzifoundation.org\\\/wp-content\\\/uploads\\\/2026\\\/06\\\/wscd-2026.png\",\"width\":1200,\"height\":1000},{\"@type\":\"BreadcrumbList\",\"@id\":\"https:\\\/\\\/benzifoundation.org\\\/it\\\/19-giugno-2026-giornata-mondiale-dellanemia-falciforme\\\/#breadcrumb\",\"itemListElement\":[{\"@type\":\"ListItem\",\"position\":1,\"name\":\"Home\",\"item\":\"https:\\\/\\\/benzifoundation.org\\\/it\\\/\"},{\"@type\":\"ListItem\",\"position\":2,\"name\":\"19 giugno 2026: Giornata Mondiale dell\u2019Anemia Falciforme\"}]},{\"@type\":\"WebSite\",\"@id\":\"https:\\\/\\\/benzifoundation.org\\\/it\\\/#website\",\"url\":\"https:\\\/\\\/benzifoundation.org\\\/it\\\/\",\"name\":\"Fondazione Gianni Benzi - ETS\",\"description\":\"\",\"potentialAction\":[{\"@type\":\"SearchAction\",\"target\":{\"@type\":\"EntryPoint\",\"urlTemplate\":\"https:\\\/\\\/benzifoundation.org\\\/it\\\/?s={search_term_string}\"},\"query-input\":{\"@type\":\"PropertyValueSpecification\",\"valueRequired\":true,\"valueName\":\"search_term_string\"}}],\"inLanguage\":\"it-IT\"},{\"@type\":\"Person\",\"@id\":\"https:\\\/\\\/benzifoundation.org\\\/it\\\/#\\\/schema\\\/person\\\/63fafc07257f53a78aad77e22208a618\",\"name\":\"Francesca Basile\",\"image\":{\"@type\":\"ImageObject\",\"inLanguage\":\"it-IT\",\"@id\":\"https:\\\/\\\/secure.gravatar.com\\\/avatar\\\/04d9694b6a3553f262b1cdbafac4bf46b35fd0956a33ae8d42025fb2651ce5d8?s=96&d=mm&r=g\",\"url\":\"https:\\\/\\\/secure.gravatar.com\\\/avatar\\\/04d9694b6a3553f262b1cdbafac4bf46b35fd0956a33ae8d42025fb2651ce5d8?s=96&d=mm&r=g\",\"contentUrl\":\"https:\\\/\\\/secure.gravatar.com\\\/avatar\\\/04d9694b6a3553f262b1cdbafac4bf46b35fd0956a33ae8d42025fb2651ce5d8?s=96&d=mm&r=g\",\"caption\":\"Francesca Basile\"},\"url\":\"https:\\\/\\\/benzifoundation.org\\\/it\\\/author\\\/adminfrancesca\\\/\"}]}<\/script>\n<!-- \/ Yoast SEO plugin. -->","yoast_head_json":{"title":"19 giugno 2026: Giornata Mondiale dell\u2019Anemia Falciforme - Fondazione Gianni Benzi - ETS","description":"La Giornata Mondiale dell\u2019Anemia Falciforme sensibilizza sull\u2019importanza della diagnosi precoce e mette in luce i progressi della ricerca che migliorano la vita dei pazienti.","robots":{"index":"index","follow":"follow","max-snippet":"max-snippet:-1","max-image-preview":"max-image-preview:large","max-video-preview":"max-video-preview:-1"},"canonical":"https:\/\/benzifoundation.org\/it\/19-giugno-2026-giornata-mondiale-dellanemia-falciforme\/","og_locale":"it_IT","og_type":"article","og_title":"19 giugno 2026: Giornata Mondiale dell\u2019Anemia Falciforme - Fondazione Gianni Benzi - ETS","og_description":"La Giornata Mondiale dell\u2019Anemia Falciforme sensibilizza sull\u2019importanza della diagnosi precoce e mette in luce i progressi della ricerca che migliorano la vita dei pazienti.","og_url":"https:\/\/benzifoundation.org\/it\/19-giugno-2026-giornata-mondiale-dellanemia-falciforme\/","og_site_name":"Fondazione Gianni Benzi - ETS","article_published_time":"2026-06-18T08:38:42+00:00","article_modified_time":"2026-07-20T13:02:21+00:00","og_image":[{"width":1200,"height":1000,"url":"https:\/\/benzifoundation.org\/wp-content\/uploads\/2026\/06\/wscd-2026.png","type":"image\/png"}],"author":"Francesca Basile","twitter_card":"summary_large_image","twitter_misc":{"Scritto da":"Francesca Basile","Tempo di lettura stimato":"2 minuti"},"schema":{"@context":"https:\/\/schema.org","@graph":[{"@type":"Article","@id":"https:\/\/benzifoundation.org\/it\/19-giugno-2026-giornata-mondiale-dellanemia-falciforme\/#article","isPartOf":{"@id":"https:\/\/benzifoundation.org\/it\/19-giugno-2026-giornata-mondiale-dellanemia-falciforme\/"},"author":{"name":"Francesca Basile","@id":"https:\/\/benzifoundation.org\/it\/#\/schema\/person\/63fafc07257f53a78aad77e22208a618"},"headline":"19 giugno 2026: Giornata Mondiale dell\u2019Anemia Falciforme","datePublished":"2026-06-18T08:38:42+00:00","dateModified":"2026-07-20T13:02:21+00:00","mainEntityOfPage":{"@id":"https:\/\/benzifoundation.org\/it\/19-giugno-2026-giornata-mondiale-dellanemia-falciforme\/"},"wordCount":368,"image":{"@id":"https:\/\/benzifoundation.org\/it\/19-giugno-2026-giornata-mondiale-dellanemia-falciforme\/#primaryimage"},"thumbnailUrl":"https:\/\/benzifoundation.org\/wp-content\/uploads\/2026\/06\/wscd-2026.png","keywords":["emoglobinopatie"],"articleSection":["Haemoglobinopathies","News"],"inLanguage":"it-IT"},{"@type":"WebPage","@id":"https:\/\/benzifoundation.org\/it\/19-giugno-2026-giornata-mondiale-dellanemia-falciforme\/","url":"https:\/\/benzifoundation.org\/it\/19-giugno-2026-giornata-mondiale-dellanemia-falciforme\/","name":"19 giugno 2026: Giornata Mondiale dell\u2019Anemia Falciforme - Fondazione Gianni Benzi - ETS","isPartOf":{"@id":"https:\/\/benzifoundation.org\/it\/#website"},"primaryImageOfPage":{"@id":"https:\/\/benzifoundation.org\/it\/19-giugno-2026-giornata-mondiale-dellanemia-falciforme\/#primaryimage"},"image":{"@id":"https:\/\/benzifoundation.org\/it\/19-giugno-2026-giornata-mondiale-dellanemia-falciforme\/#primaryimage"},"thumbnailUrl":"https:\/\/benzifoundation.org\/wp-content\/uploads\/2026\/06\/wscd-2026.png","datePublished":"2026-06-18T08:38:42+00:00","dateModified":"2026-07-20T13:02:21+00:00","author":{"@id":"https:\/\/benzifoundation.org\/it\/#\/schema\/person\/63fafc07257f53a78aad77e22208a618"},"description":"La Giornata Mondiale dell\u2019Anemia Falciforme sensibilizza sull\u2019importanza della diagnosi precoce e mette in luce i progressi della ricerca che migliorano la vita dei pazienti.","breadcrumb":{"@id":"https:\/\/benzifoundation.org\/it\/19-giugno-2026-giornata-mondiale-dellanemia-falciforme\/#breadcrumb"},"inLanguage":"it-IT","potentialAction":[{"@type":"ReadAction","target":["https:\/\/benzifoundation.org\/it\/19-giugno-2026-giornata-mondiale-dellanemia-falciforme\/"]}]},{"@type":"ImageObject","inLanguage":"it-IT","@id":"https:\/\/benzifoundation.org\/it\/19-giugno-2026-giornata-mondiale-dellanemia-falciforme\/#primaryimage","url":"https:\/\/benzifoundation.org\/wp-content\/uploads\/2026\/06\/wscd-2026.png","contentUrl":"https:\/\/benzifoundation.org\/wp-content\/uploads\/2026\/06\/wscd-2026.png","width":1200,"height":1000},{"@type":"BreadcrumbList","@id":"https:\/\/benzifoundation.org\/it\/19-giugno-2026-giornata-mondiale-dellanemia-falciforme\/#breadcrumb","itemListElement":[{"@type":"ListItem","position":1,"name":"Home","item":"https:\/\/benzifoundation.org\/it\/"},{"@type":"ListItem","position":2,"name":"19 giugno 2026: Giornata Mondiale dell\u2019Anemia Falciforme"}]},{"@type":"WebSite","@id":"https:\/\/benzifoundation.org\/it\/#website","url":"https:\/\/benzifoundation.org\/it\/","name":"Fondazione Gianni Benzi - ETS","description":"","potentialAction":[{"@type":"SearchAction","target":{"@type":"EntryPoint","urlTemplate":"https:\/\/benzifoundation.org\/it\/?s={search_term_string}"},"query-input":{"@type":"PropertyValueSpecification","valueRequired":true,"valueName":"search_term_string"}}],"inLanguage":"it-IT"},{"@type":"Person","@id":"https:\/\/benzifoundation.org\/it\/#\/schema\/person\/63fafc07257f53a78aad77e22208a618","name":"Francesca Basile","image":{"@type":"ImageObject","inLanguage":"it-IT","@id":"https:\/\/secure.gravatar.com\/avatar\/04d9694b6a3553f262b1cdbafac4bf46b35fd0956a33ae8d42025fb2651ce5d8?s=96&d=mm&r=g","url":"https:\/\/secure.gravatar.com\/avatar\/04d9694b6a3553f262b1cdbafac4bf46b35fd0956a33ae8d42025fb2651ce5d8?s=96&d=mm&r=g","contentUrl":"https:\/\/secure.gravatar.com\/avatar\/04d9694b6a3553f262b1cdbafac4bf46b35fd0956a33ae8d42025fb2651ce5d8?s=96&d=mm&r=g","caption":"Francesca Basile"},"url":"https:\/\/benzifoundation.org\/it\/author\/adminfrancesca\/"}]}},"_links":{"self":[{"href":"https:\/\/benzifoundation.org\/it\/wp-json\/wp\/v2\/posts\/5512","targetHints":{"allow":["GET"]}}],"collection":[{"href":"https:\/\/benzifoundation.org\/it\/wp-json\/wp\/v2\/posts"}],"about":[{"href":"https:\/\/benzifoundation.org\/it\/wp-json\/wp\/v2\/types\/post"}],"author":[{"embeddable":true,"href":"https:\/\/benzifoundation.org\/it\/wp-json\/wp\/v2\/users\/2"}],"replies":[{"embeddable":true,"href":"https:\/\/benzifoundation.org\/it\/wp-json\/wp\/v2\/comments?post=5512"}],"version-history":[{"count":1,"href":"https:\/\/benzifoundation.org\/it\/wp-json\/wp\/v2\/posts\/5512\/revisions"}],"predecessor-version":[{"id":5604,"href":"https:\/\/benzifoundation.org\/it\/wp-json\/wp\/v2\/posts\/5512\/revisions\/5604"}],"wp:featuredmedia":[{"embeddable":true,"href":"https:\/\/benzifoundation.org\/it\/wp-json\/wp\/v2\/media\/5511"}],"wp:attachment":[{"href":"https:\/\/benzifoundation.org\/it\/wp-json\/wp\/v2\/media?parent=5512"}],"wp:term":[{"taxonomy":"category","embeddable":true,"href":"https:\/\/benzifoundation.org\/it\/wp-json\/wp\/v2\/categories?post=5512"},{"taxonomy":"post_tag","embeddable":true,"href":"https:\/\/benzifoundation.org\/it\/wp-json\/wp\/v2\/tags?post=5512"}],"curies":[{"name":"wp","href":"https:\/\/api.w.org\/{rel}","templated":true}]}}