{"id":5324,"date":"2026-05-05T13:14:31","date_gmt":"2026-05-05T13:14:31","guid":{"rendered":"https:\/\/benzifoundation.org\/giornata-internazionale-della-talassemia-2026\/"},"modified":"2026-05-05T13:14:31","modified_gmt":"2026-05-05T13:14:31","slug":"giornata-internazionale-della-talassemia-2026","status":"publish","type":"post","link":"https:\/\/benzifoundation.org\/it\/giornata-internazionale-della-talassemia-2026\/","title":{"rendered":"Giornata internazionale della Talassemia 2026"},"content":{"rendered":"<p>L&#8217;8 maggio si celebra la Giornata Mondiale della Talassemia.<br \/>\nLa talassemia rappresenta una delle patologie ereditarie pi\u00f9 diffuse a livello globale, con un impatto significativo in termini clinici e assistenziali, ma \u00e8 considerata una malattia rara.<\/p>\n<p>Ancora oggi \u00e8 una malattia poco conosciuta, spesso accompagnata da falsi miti e disinformazione. Tuttavia, l\u2019informazione non dovrebbe essere rara: iniziative come le<strong><a href=\"https:\/\/benzifoundation.org\/fgb-pills-understanding-research-in-just-a-few-minutes-is-possible\/\" target=\"_blank\" rel=\"noopener\"> FGB Pills <\/a><\/strong>nascono proprio per rendere pi\u00f9 accessibili temi complessi legati alla salute, alla ricerca e alle malattie rare, contribuendo a una maggiore consapevolezza. <\/p>\n<p>Negli ultimi decenni, i progressi della medicina e della ricerca, hanno profondamente modificato la storia naturale della malattia, migliorando l\u2019aspettativa e la qualit\u00e0 di vita dei pazienti.<\/p>\n<p>La Giornata Mondiale della Talassemia rappresenta un momento importante per promuovere la conoscenza della patologia, sensibilizzare sull\u2019importanza della diagnosi precoce e dello screening, e valorizzare il ruolo della ricerca nello sviluppo di nuove opzioni terapeutiche.<\/p>\n<p>In occasione della Giornata, Fondazione Gianni Benzi ha realizzato <strong><a href=\"https:\/\/benzifoundation.org\/fgb-pills\/\" target=\"_blank\" rel=\"noopener\">una serie di brevi video informativi, raccolti nella landing page dedicata<\/a><\/strong>, per raccontare, in modo semplice e accessibile a tutti, cosa significa convivere con questa condizione.<\/p>\n<p>Dalla comprensione della malattia alla vita quotidiana, dalla ricerca alle nuove terapie, fino al ruolo dei pazienti e alle sfide globali: un percorso a tappe per informare, sensibilizzare e contribuire a superare pregiudizi e disinformazione.<\/p>\n<p><strong>Perch\u00e9 conoscere \u00e8 il primo passo per capire. E capire \u00e8 il primo passo per fare la differenza. <\/strong><\/p>\n","protected":false},"excerpt":{"rendered":"<p>L&#8217;8 maggio si celebra la Giornata Mondiale della Talassemia. La talassemia rappresenta una delle patologie ereditarie pi\u00f9 diffuse a livello globale, con un impatto significativo in termini clinici e assistenziali, ma \u00e8 considerata una malattia rara. Ancora oggi \u00e8 una malattia poco conosciuta, spesso accompagnata da falsi miti e disinformazione. Tuttavia, l\u2019informazione non dovrebbe essere [&hellip;]<\/p>\n","protected":false},"author":2,"featured_media":5325,"comment_status":"closed","ping_status":"closed","sticky":false,"template":"","format":"standard","meta":{"footnotes":""},"categories":[225],"tags":[222],"class_list":["post-5324","post","type-post","status-publish","format-standard","has-post-thumbnail","hentry","category-haemoglobinopathies","tag-emoglobinopatie"],"yoast_head":"<!-- This site is optimized with the Yoast SEO plugin v28.3 - https:\/\/yoast.com\/product\/yoast-seo-wordpress\/ -->\n<title>Giornata internazionale della Talassemia 2026 - Fondazione Gianni Benzi - ETS<\/title>\n<meta name=\"description\" content=\"Giornata Internazionale della Talassemia: sensibilizziamo, sfatiamo i miti ed esploriamo i progressi nella diagnosi, nell\u2019assistenza e nella ricerca.\" \/>\n<meta name=\"robots\" content=\"index, follow, max-snippet:-1, max-image-preview:large, max-video-preview:-1\" \/>\n<link rel=\"canonical\" href=\"https:\/\/benzifoundation.org\/it\/giornata-internazionale-della-talassemia-2026\/\" \/>\n<meta property=\"og:locale\" content=\"it_IT\" \/>\n<meta property=\"og:type\" content=\"article\" \/>\n<meta property=\"og:title\" content=\"Giornata internazionale della Talassemia 2026 - Fondazione Gianni Benzi - ETS\" \/>\n<meta property=\"og:description\" content=\"Giornata Internazionale della Talassemia: sensibilizziamo, sfatiamo i miti ed esploriamo i progressi nella diagnosi, nell\u2019assistenza e nella ricerca.\" \/>\n<meta property=\"og:url\" content=\"https:\/\/benzifoundation.org\/it\/giornata-internazionale-della-talassemia-2026\/\" \/>\n<meta property=\"og:site_name\" content=\"Fondazione Gianni Benzi - ETS\" \/>\n<meta property=\"article:published_time\" content=\"2026-05-05T13:14:31+00:00\" \/>\n<meta property=\"og:image\" content=\"https:\/\/benzifoundation.org\/wp-content\/uploads\/2026\/05\/thalassaemia-day-2026-1.png\" \/>\n\t<meta property=\"og:image:width\" content=\"1200\" \/>\n\t<meta property=\"og:image:height\" content=\"1000\" \/>\n\t<meta property=\"og:image:type\" content=\"image\/png\" \/>\n<meta name=\"author\" content=\"Francesca Basile\" \/>\n<meta name=\"twitter:card\" content=\"summary_large_image\" \/>\n<meta name=\"twitter:label1\" content=\"Scritto da\" \/>\n\t<meta name=\"twitter:data1\" content=\"Francesca Basile\" \/>\n\t<meta name=\"twitter:label2\" content=\"Tempo di lettura stimato\" \/>\n\t<meta name=\"twitter:data2\" content=\"1 minuto\" \/>\n<script type=\"application\/ld+json\" class=\"yoast-schema-graph\">{\"@context\":\"https:\\\/\\\/schema.org\",\"@graph\":[{\"@type\":\"Article\",\"@id\":\"https:\\\/\\\/benzifoundation.org\\\/it\\\/giornata-internazionale-della-talassemia-2026\\\/#article\",\"isPartOf\":{\"@id\":\"https:\\\/\\\/benzifoundation.org\\\/it\\\/giornata-internazionale-della-talassemia-2026\\\/\"},\"author\":{\"name\":\"Francesca Basile\",\"@id\":\"https:\\\/\\\/benzifoundation.org\\\/it\\\/#\\\/schema\\\/person\\\/63fafc07257f53a78aad77e22208a618\"},\"headline\":\"Giornata internazionale della Talassemia 2026\",\"datePublished\":\"2026-05-05T13:14:31+00:00\",\"mainEntityOfPage\":{\"@id\":\"https:\\\/\\\/benzifoundation.org\\\/it\\\/giornata-internazionale-della-talassemia-2026\\\/\"},\"wordCount\":236,\"image\":{\"@id\":\"https:\\\/\\\/benzifoundation.org\\\/it\\\/giornata-internazionale-della-talassemia-2026\\\/#primaryimage\"},\"thumbnailUrl\":\"https:\\\/\\\/benzifoundation.org\\\/wp-content\\\/uploads\\\/2026\\\/05\\\/thalassaemia-day-2026-1.png\",\"keywords\":[\"emoglobinopatie\"],\"articleSection\":[\"Haemoglobinopathies\"],\"inLanguage\":\"it-IT\"},{\"@type\":\"WebPage\",\"@id\":\"https:\\\/\\\/benzifoundation.org\\\/it\\\/giornata-internazionale-della-talassemia-2026\\\/\",\"url\":\"https:\\\/\\\/benzifoundation.org\\\/it\\\/giornata-internazionale-della-talassemia-2026\\\/\",\"name\":\"Giornata internazionale della Talassemia 2026 - Fondazione Gianni Benzi - ETS\",\"isPartOf\":{\"@id\":\"https:\\\/\\\/benzifoundation.org\\\/it\\\/#website\"},\"primaryImageOfPage\":{\"@id\":\"https:\\\/\\\/benzifoundation.org\\\/it\\\/giornata-internazionale-della-talassemia-2026\\\/#primaryimage\"},\"image\":{\"@id\":\"https:\\\/\\\/benzifoundation.org\\\/it\\\/giornata-internazionale-della-talassemia-2026\\\/#primaryimage\"},\"thumbnailUrl\":\"https:\\\/\\\/benzifoundation.org\\\/wp-content\\\/uploads\\\/2026\\\/05\\\/thalassaemia-day-2026-1.png\",\"datePublished\":\"2026-05-05T13:14:31+00:00\",\"author\":{\"@id\":\"https:\\\/\\\/benzifoundation.org\\\/it\\\/#\\\/schema\\\/person\\\/63fafc07257f53a78aad77e22208a618\"},\"description\":\"Giornata Internazionale della Talassemia: sensibilizziamo, sfatiamo i miti ed esploriamo i progressi nella diagnosi, nell\u2019assistenza e nella ricerca.\",\"breadcrumb\":{\"@id\":\"https:\\\/\\\/benzifoundation.org\\\/it\\\/giornata-internazionale-della-talassemia-2026\\\/#breadcrumb\"},\"inLanguage\":\"it-IT\",\"potentialAction\":[{\"@type\":\"ReadAction\",\"target\":[\"https:\\\/\\\/benzifoundation.org\\\/it\\\/giornata-internazionale-della-talassemia-2026\\\/\"]}]},{\"@type\":\"ImageObject\",\"inLanguage\":\"it-IT\",\"@id\":\"https:\\\/\\\/benzifoundation.org\\\/it\\\/giornata-internazionale-della-talassemia-2026\\\/#primaryimage\",\"url\":\"https:\\\/\\\/benzifoundation.org\\\/wp-content\\\/uploads\\\/2026\\\/05\\\/thalassaemia-day-2026-1.png\",\"contentUrl\":\"https:\\\/\\\/benzifoundation.org\\\/wp-content\\\/uploads\\\/2026\\\/05\\\/thalassaemia-day-2026-1.png\",\"width\":1200,\"height\":1000},{\"@type\":\"BreadcrumbList\",\"@id\":\"https:\\\/\\\/benzifoundation.org\\\/it\\\/giornata-internazionale-della-talassemia-2026\\\/#breadcrumb\",\"itemListElement\":[{\"@type\":\"ListItem\",\"position\":1,\"name\":\"Home\",\"item\":\"https:\\\/\\\/benzifoundation.org\\\/it\\\/\"},{\"@type\":\"ListItem\",\"position\":2,\"name\":\"Giornata internazionale della Talassemia 2026\"}]},{\"@type\":\"WebSite\",\"@id\":\"https:\\\/\\\/benzifoundation.org\\\/it\\\/#website\",\"url\":\"https:\\\/\\\/benzifoundation.org\\\/it\\\/\",\"name\":\"Fondazione Gianni Benzi - ETS\",\"description\":\"\",\"potentialAction\":[{\"@type\":\"SearchAction\",\"target\":{\"@type\":\"EntryPoint\",\"urlTemplate\":\"https:\\\/\\\/benzifoundation.org\\\/it\\\/?s={search_term_string}\"},\"query-input\":{\"@type\":\"PropertyValueSpecification\",\"valueRequired\":true,\"valueName\":\"search_term_string\"}}],\"inLanguage\":\"it-IT\"},{\"@type\":\"Person\",\"@id\":\"https:\\\/\\\/benzifoundation.org\\\/it\\\/#\\\/schema\\\/person\\\/63fafc07257f53a78aad77e22208a618\",\"name\":\"Francesca Basile\",\"image\":{\"@type\":\"ImageObject\",\"inLanguage\":\"it-IT\",\"@id\":\"https:\\\/\\\/secure.gravatar.com\\\/avatar\\\/04d9694b6a3553f262b1cdbafac4bf46b35fd0956a33ae8d42025fb2651ce5d8?s=96&d=mm&r=g\",\"url\":\"https:\\\/\\\/secure.gravatar.com\\\/avatar\\\/04d9694b6a3553f262b1cdbafac4bf46b35fd0956a33ae8d42025fb2651ce5d8?s=96&d=mm&r=g\",\"contentUrl\":\"https:\\\/\\\/secure.gravatar.com\\\/avatar\\\/04d9694b6a3553f262b1cdbafac4bf46b35fd0956a33ae8d42025fb2651ce5d8?s=96&d=mm&r=g\",\"caption\":\"Francesca Basile\"},\"url\":\"https:\\\/\\\/benzifoundation.org\\\/it\\\/author\\\/adminfrancesca\\\/\"}]}<\/script>\n<!-- \/ Yoast SEO plugin. -->","yoast_head_json":{"title":"Giornata internazionale della Talassemia 2026 - Fondazione Gianni Benzi - ETS","description":"Giornata Internazionale della Talassemia: sensibilizziamo, sfatiamo i miti ed esploriamo i progressi nella diagnosi, nell\u2019assistenza e nella ricerca.","robots":{"index":"index","follow":"follow","max-snippet":"max-snippet:-1","max-image-preview":"max-image-preview:large","max-video-preview":"max-video-preview:-1"},"canonical":"https:\/\/benzifoundation.org\/it\/giornata-internazionale-della-talassemia-2026\/","og_locale":"it_IT","og_type":"article","og_title":"Giornata internazionale della Talassemia 2026 - Fondazione Gianni Benzi - ETS","og_description":"Giornata Internazionale della Talassemia: sensibilizziamo, sfatiamo i miti ed esploriamo i progressi nella diagnosi, nell\u2019assistenza e nella ricerca.","og_url":"https:\/\/benzifoundation.org\/it\/giornata-internazionale-della-talassemia-2026\/","og_site_name":"Fondazione Gianni Benzi - ETS","article_published_time":"2026-05-05T13:14:31+00:00","og_image":[{"width":1200,"height":1000,"url":"https:\/\/benzifoundation.org\/wp-content\/uploads\/2026\/05\/thalassaemia-day-2026-1.png","type":"image\/png"}],"author":"Francesca Basile","twitter_card":"summary_large_image","twitter_misc":{"Scritto da":"Francesca Basile","Tempo di lettura stimato":"1 minuto"},"schema":{"@context":"https:\/\/schema.org","@graph":[{"@type":"Article","@id":"https:\/\/benzifoundation.org\/it\/giornata-internazionale-della-talassemia-2026\/#article","isPartOf":{"@id":"https:\/\/benzifoundation.org\/it\/giornata-internazionale-della-talassemia-2026\/"},"author":{"name":"Francesca Basile","@id":"https:\/\/benzifoundation.org\/it\/#\/schema\/person\/63fafc07257f53a78aad77e22208a618"},"headline":"Giornata internazionale della Talassemia 2026","datePublished":"2026-05-05T13:14:31+00:00","mainEntityOfPage":{"@id":"https:\/\/benzifoundation.org\/it\/giornata-internazionale-della-talassemia-2026\/"},"wordCount":236,"image":{"@id":"https:\/\/benzifoundation.org\/it\/giornata-internazionale-della-talassemia-2026\/#primaryimage"},"thumbnailUrl":"https:\/\/benzifoundation.org\/wp-content\/uploads\/2026\/05\/thalassaemia-day-2026-1.png","keywords":["emoglobinopatie"],"articleSection":["Haemoglobinopathies"],"inLanguage":"it-IT"},{"@type":"WebPage","@id":"https:\/\/benzifoundation.org\/it\/giornata-internazionale-della-talassemia-2026\/","url":"https:\/\/benzifoundation.org\/it\/giornata-internazionale-della-talassemia-2026\/","name":"Giornata internazionale della Talassemia 2026 - Fondazione Gianni Benzi - ETS","isPartOf":{"@id":"https:\/\/benzifoundation.org\/it\/#website"},"primaryImageOfPage":{"@id":"https:\/\/benzifoundation.org\/it\/giornata-internazionale-della-talassemia-2026\/#primaryimage"},"image":{"@id":"https:\/\/benzifoundation.org\/it\/giornata-internazionale-della-talassemia-2026\/#primaryimage"},"thumbnailUrl":"https:\/\/benzifoundation.org\/wp-content\/uploads\/2026\/05\/thalassaemia-day-2026-1.png","datePublished":"2026-05-05T13:14:31+00:00","author":{"@id":"https:\/\/benzifoundation.org\/it\/#\/schema\/person\/63fafc07257f53a78aad77e22208a618"},"description":"Giornata Internazionale della Talassemia: sensibilizziamo, sfatiamo i miti ed esploriamo i progressi nella diagnosi, nell\u2019assistenza e nella ricerca.","breadcrumb":{"@id":"https:\/\/benzifoundation.org\/it\/giornata-internazionale-della-talassemia-2026\/#breadcrumb"},"inLanguage":"it-IT","potentialAction":[{"@type":"ReadAction","target":["https:\/\/benzifoundation.org\/it\/giornata-internazionale-della-talassemia-2026\/"]}]},{"@type":"ImageObject","inLanguage":"it-IT","@id":"https:\/\/benzifoundation.org\/it\/giornata-internazionale-della-talassemia-2026\/#primaryimage","url":"https:\/\/benzifoundation.org\/wp-content\/uploads\/2026\/05\/thalassaemia-day-2026-1.png","contentUrl":"https:\/\/benzifoundation.org\/wp-content\/uploads\/2026\/05\/thalassaemia-day-2026-1.png","width":1200,"height":1000},{"@type":"BreadcrumbList","@id":"https:\/\/benzifoundation.org\/it\/giornata-internazionale-della-talassemia-2026\/#breadcrumb","itemListElement":[{"@type":"ListItem","position":1,"name":"Home","item":"https:\/\/benzifoundation.org\/it\/"},{"@type":"ListItem","position":2,"name":"Giornata internazionale della Talassemia 2026"}]},{"@type":"WebSite","@id":"https:\/\/benzifoundation.org\/it\/#website","url":"https:\/\/benzifoundation.org\/it\/","name":"Fondazione Gianni Benzi - ETS","description":"","potentialAction":[{"@type":"SearchAction","target":{"@type":"EntryPoint","urlTemplate":"https:\/\/benzifoundation.org\/it\/?s={search_term_string}"},"query-input":{"@type":"PropertyValueSpecification","valueRequired":true,"valueName":"search_term_string"}}],"inLanguage":"it-IT"},{"@type":"Person","@id":"https:\/\/benzifoundation.org\/it\/#\/schema\/person\/63fafc07257f53a78aad77e22208a618","name":"Francesca Basile","image":{"@type":"ImageObject","inLanguage":"it-IT","@id":"https:\/\/secure.gravatar.com\/avatar\/04d9694b6a3553f262b1cdbafac4bf46b35fd0956a33ae8d42025fb2651ce5d8?s=96&d=mm&r=g","url":"https:\/\/secure.gravatar.com\/avatar\/04d9694b6a3553f262b1cdbafac4bf46b35fd0956a33ae8d42025fb2651ce5d8?s=96&d=mm&r=g","contentUrl":"https:\/\/secure.gravatar.com\/avatar\/04d9694b6a3553f262b1cdbafac4bf46b35fd0956a33ae8d42025fb2651ce5d8?s=96&d=mm&r=g","caption":"Francesca Basile"},"url":"https:\/\/benzifoundation.org\/it\/author\/adminfrancesca\/"}]}},"_links":{"self":[{"href":"https:\/\/benzifoundation.org\/it\/wp-json\/wp\/v2\/posts\/5324","targetHints":{"allow":["GET"]}}],"collection":[{"href":"https:\/\/benzifoundation.org\/it\/wp-json\/wp\/v2\/posts"}],"about":[{"href":"https:\/\/benzifoundation.org\/it\/wp-json\/wp\/v2\/types\/post"}],"author":[{"embeddable":true,"href":"https:\/\/benzifoundation.org\/it\/wp-json\/wp\/v2\/users\/2"}],"replies":[{"embeddable":true,"href":"https:\/\/benzifoundation.org\/it\/wp-json\/wp\/v2\/comments?post=5324"}],"version-history":[{"count":0,"href":"https:\/\/benzifoundation.org\/it\/wp-json\/wp\/v2\/posts\/5324\/revisions"}],"wp:featuredmedia":[{"embeddable":true,"href":"https:\/\/benzifoundation.org\/it\/wp-json\/wp\/v2\/media\/5325"}],"wp:attachment":[{"href":"https:\/\/benzifoundation.org\/it\/wp-json\/wp\/v2\/media?parent=5324"}],"wp:term":[{"taxonomy":"category","embeddable":true,"href":"https:\/\/benzifoundation.org\/it\/wp-json\/wp\/v2\/categories?post=5324"},{"taxonomy":"post_tag","embeddable":true,"href":"https:\/\/benzifoundation.org\/it\/wp-json\/wp\/v2\/tags?post=5324"}],"curies":[{"name":"wp","href":"https:\/\/api.w.org\/{rel}","templated":true}]}}