{"id":4668,"date":"2023-02-10T15:56:47","date_gmt":"2023-02-10T15:56:47","guid":{"rendered":"https:\/\/benzifoundation.org\/convegno-a-bari-sfide-e-opportunita-nei-tumori-rari\/"},"modified":"2023-02-10T15:56:47","modified_gmt":"2023-02-10T15:56:47","slug":"convegno-a-bari-sfide-e-opportunita-nei-tumori-rari","status":"publish","type":"post","link":"https:\/\/benzifoundation.org\/it\/convegno-a-bari-sfide-e-opportunita-nei-tumori-rari\/","title":{"rendered":"Convegno a Bari: sfide e opportunit\u00e0 nei tumori rari"},"content":{"rendered":"<p>Si terr\u00e0 il 23 febbraio 2023 il convegno \u201c<strong>I tumori rari: sfide ed opportunit\u00e0<\/strong>\u201d presso la Sala conferenze IRCCS Istituto Tumori &#8220;Giovanni Paolo II &#8221; a Bari organizzato da <strong><a href=\"https:\/\/www.apsbottegadelsorriso.it\/\" target=\"_blank\" rel=\"noopener\">Associazione Bottega del Sorriso<\/a><\/strong>, <a href=\"https:\/\/www.sanita.puglia.it\/web\/irccs?fbclid=IwAR1Dlme6x43FHChHrq5xnRcRUhE6MW0NuMQk8RLxYmV2BruTjoC0hJIV82s\" target=\"_blank\" rel=\"noopener\"><strong>IRCCS Istituto Tumori &#8220;Giovanni Paolo II\u201d<\/strong><\/a> Bari e <strong>Fondazione Gianni Benzi Onlus<\/strong>.<\/p>\n<p><em style=\"text-align: center;\"><strong><img loading=\"lazy\" decoding=\"async\" class=\"wp-image-11416 alignleft\" src=\"https:\/\/benzifoundation.org\/wp-content\/uploads\/2026\/01\/RAREDISEASEDAYLOC-8-724x1024.jpg\" alt=\"\" width=\"222\" height=\"314\"><\/strong><\/em><\/p>\n<p>L\u2019evento rientra tra le iniziative promosse in occasione della <strong><a href=\"https:\/\/www.rarediseaseday.org\/\" target=\"_blank\" rel=\"noopener\">Giornata Mondiale per le Malattie Rare 2023<\/a><\/strong>.<\/p>\n<p>Una diagnosi tardiva, scarsit\u00e0 di opzioni terapeutiche e frammentariet\u00e0 dei trattamenti rendono la prognosi dei tumori rari peggiore rispetto alle forme di tumore pi\u00f9 frequenti.<\/p>\n<p>La cura dei tumori rari necessita di figure professionali specifiche in Centri di riferimento in grado di garantire una gestione clinica multidisciplinare tempestiva e di alto profilo, nonch\u00e9 una collaborazione in rete nazionale ed internazionale.<\/p>\n<p>L\u2019evento rappresenta un momento di incontro e di confronto tra tutti i soggetti coinvolti nella gestione dei tumori e delle malattie rare: medici e ricercatori, pazienti e loro familiari, istituzioni, aziende.<\/p>\n<p>L\u2019obiettivo \u00e8 quello di sottolineare il valore della collaborazione tra gli stakeholder al fine di soddisfare i bisogni dei pazienti e migliorare l\u2019organizzazione dell\u2019assistenza nonch\u00e9 della ricerca scientifica.<br \/>Non perderti questa importante opportunit\u00e0 di discussione.<br \/>E\u2019 possibile registrarsi al seguente link. Il programma completo \u00e8 disponibile qui.<\/p>\n<p>Non perderti questa importante opportunit\u00e0 di discussione.<\/p>\n<p>E\u2019 possibile registrarsi al seguente <strong><a href=\"https:\/\/docs.google.com\/forms\/d\/e\/1FAIpQLScJzA_xHqmyzDLkGLRCAGEQD17qgGrmlx_2v61fqJp-xPJCmg\/viewform\" target=\"_blank\" rel=\"noopener\">link<\/a><\/strong>. Il programma completo \u00e8 disponibile <a href=\"https:\/\/www.benzifoundation.org\/wp-content\/uploads\/2023\/02\/BrochureRDD_v31.pdf\" target=\"_blank\" rel=\"noopener\"><strong>qui<\/strong><\/a>. <\/p>\n<p style=\"text-align: center;\"><em><strong>Rare is many, rare is strong, rare is proud!<\/strong><\/em><\/p>\n","protected":false},"excerpt":{"rendered":"<p>The meeting \u201cI tumori rari: sfide ed opportunit\u00e0\u201d will be held on 23 February 2023 at the conference room at IRCCS Istituto Tumori \u201cGiovanni Paolo II\u201d in Bari<\/p>\n","protected":false},"author":1,"featured_media":4659,"comment_status":"open","ping_status":"open","sticky":false,"template":"","format":"standard","meta":{"footnotes":""},"categories":[205,215],"tags":[216],"class_list":["post-4668","post","type-post","status-publish","format-standard","has-post-thumbnail","hentry","category-news","category-rare-diseases","tag-rare-disease-day"],"yoast_head":"<!-- This site is optimized with the Yoast SEO plugin v28.3 - https:\/\/yoast.com\/product\/yoast-seo-wordpress\/ -->\n<title>Convegno a Bari: sfide e opportunit\u00e0 nei tumori rari - Fondazione Gianni Benzi - ETS<\/title>\n<meta name=\"description\" content=\"Meeting in Bari on rare cancers: diagnosis, therapies, and cooperation. Doctors, patients, and institutions to improve research and care.\" \/>\n<meta name=\"robots\" content=\"index, follow, max-snippet:-1, max-image-preview:large, max-video-preview:-1\" \/>\n<link rel=\"canonical\" href=\"https:\/\/benzifoundation.org\/it\/convegno-a-bari-sfide-e-opportunita-nei-tumori-rari\/\" \/>\n<meta property=\"og:locale\" content=\"it_IT\" \/>\n<meta property=\"og:type\" content=\"article\" \/>\n<meta property=\"og:title\" content=\"Convegno a Bari: sfide e opportunit\u00e0 nei tumori rari - Fondazione Gianni Benzi - ETS\" \/>\n<meta property=\"og:description\" content=\"Meeting in Bari on rare cancers: diagnosis, therapies, and cooperation. Doctors, patients, and institutions to improve research and care.\" \/>\n<meta property=\"og:url\" content=\"https:\/\/benzifoundation.org\/it\/convegno-a-bari-sfide-e-opportunita-nei-tumori-rari\/\" \/>\n<meta property=\"og:site_name\" content=\"Fondazione Gianni Benzi - ETS\" \/>\n<meta property=\"article:published_time\" content=\"2023-02-10T15:56:47+00:00\" \/>\n<meta property=\"og:image\" content=\"https:\/\/benzifoundation.org\/wp-content\/uploads\/2026\/01\/Immagine3-1.png\" \/>\n\t<meta property=\"og:image:width\" content=\"617\" \/>\n\t<meta property=\"og:image:height\" content=\"512\" \/>\n\t<meta property=\"og:image:type\" content=\"image\/png\" \/>\n<meta name=\"author\" content=\"admin\" \/>\n<meta name=\"twitter:card\" content=\"summary_large_image\" \/>\n<meta name=\"twitter:label1\" content=\"Scritto da\" \/>\n\t<meta name=\"twitter:data1\" content=\"admin\" \/>\n\t<meta name=\"twitter:label2\" content=\"Tempo di lettura stimato\" \/>\n\t<meta name=\"twitter:data2\" content=\"1 minuto\" \/>\n<script type=\"application\/ld+json\" class=\"yoast-schema-graph\">{\"@context\":\"https:\\\/\\\/schema.org\",\"@graph\":[{\"@type\":\"Article\",\"@id\":\"https:\\\/\\\/benzifoundation.org\\\/it\\\/convegno-a-bari-sfide-e-opportunita-nei-tumori-rari\\\/#article\",\"isPartOf\":{\"@id\":\"https:\\\/\\\/benzifoundation.org\\\/it\\\/convegno-a-bari-sfide-e-opportunita-nei-tumori-rari\\\/\"},\"author\":{\"name\":\"admin\",\"@id\":\"https:\\\/\\\/benzifoundation.org\\\/it\\\/#\\\/schema\\\/person\\\/b927dbd45f2d82849380299ff732c266\"},\"headline\":\"Convegno a Bari: sfide e opportunit\u00e0 nei tumori rari\",\"datePublished\":\"2023-02-10T15:56:47+00:00\",\"mainEntityOfPage\":{\"@id\":\"https:\\\/\\\/benzifoundation.org\\\/it\\\/convegno-a-bari-sfide-e-opportunita-nei-tumori-rari\\\/\"},\"wordCount\":234,\"commentCount\":0,\"image\":{\"@id\":\"https:\\\/\\\/benzifoundation.org\\\/it\\\/convegno-a-bari-sfide-e-opportunita-nei-tumori-rari\\\/#primaryimage\"},\"thumbnailUrl\":\"https:\\\/\\\/benzifoundation.org\\\/wp-content\\\/uploads\\\/2026\\\/01\\\/Immagine3-1.png\",\"keywords\":[\"rare disease day\"],\"articleSection\":[\"News\",\"Rare diseases\"],\"inLanguage\":\"it-IT\",\"potentialAction\":[{\"@type\":\"CommentAction\",\"name\":\"Comment\",\"target\":[\"https:\\\/\\\/benzifoundation.org\\\/it\\\/convegno-a-bari-sfide-e-opportunita-nei-tumori-rari\\\/#respond\"]}]},{\"@type\":\"WebPage\",\"@id\":\"https:\\\/\\\/benzifoundation.org\\\/it\\\/convegno-a-bari-sfide-e-opportunita-nei-tumori-rari\\\/\",\"url\":\"https:\\\/\\\/benzifoundation.org\\\/it\\\/convegno-a-bari-sfide-e-opportunita-nei-tumori-rari\\\/\",\"name\":\"Convegno a Bari: sfide e opportunit\u00e0 nei tumori rari - Fondazione Gianni Benzi - ETS\",\"isPartOf\":{\"@id\":\"https:\\\/\\\/benzifoundation.org\\\/it\\\/#website\"},\"primaryImageOfPage\":{\"@id\":\"https:\\\/\\\/benzifoundation.org\\\/it\\\/convegno-a-bari-sfide-e-opportunita-nei-tumori-rari\\\/#primaryimage\"},\"image\":{\"@id\":\"https:\\\/\\\/benzifoundation.org\\\/it\\\/convegno-a-bari-sfide-e-opportunita-nei-tumori-rari\\\/#primaryimage\"},\"thumbnailUrl\":\"https:\\\/\\\/benzifoundation.org\\\/wp-content\\\/uploads\\\/2026\\\/01\\\/Immagine3-1.png\",\"datePublished\":\"2023-02-10T15:56:47+00:00\",\"author\":{\"@id\":\"https:\\\/\\\/benzifoundation.org\\\/it\\\/#\\\/schema\\\/person\\\/b927dbd45f2d82849380299ff732c266\"},\"description\":\"Meeting in Bari on rare cancers: diagnosis, therapies, and cooperation. Doctors, patients, and institutions to improve research and care.\",\"breadcrumb\":{\"@id\":\"https:\\\/\\\/benzifoundation.org\\\/it\\\/convegno-a-bari-sfide-e-opportunita-nei-tumori-rari\\\/#breadcrumb\"},\"inLanguage\":\"it-IT\",\"potentialAction\":[{\"@type\":\"ReadAction\",\"target\":[\"https:\\\/\\\/benzifoundation.org\\\/it\\\/convegno-a-bari-sfide-e-opportunita-nei-tumori-rari\\\/\"]}]},{\"@type\":\"ImageObject\",\"inLanguage\":\"it-IT\",\"@id\":\"https:\\\/\\\/benzifoundation.org\\\/it\\\/convegno-a-bari-sfide-e-opportunita-nei-tumori-rari\\\/#primaryimage\",\"url\":\"https:\\\/\\\/benzifoundation.org\\\/wp-content\\\/uploads\\\/2026\\\/01\\\/Immagine3-1.png\",\"contentUrl\":\"https:\\\/\\\/benzifoundation.org\\\/wp-content\\\/uploads\\\/2026\\\/01\\\/Immagine3-1.png\",\"width\":617,\"height\":512},{\"@type\":\"BreadcrumbList\",\"@id\":\"https:\\\/\\\/benzifoundation.org\\\/it\\\/convegno-a-bari-sfide-e-opportunita-nei-tumori-rari\\\/#breadcrumb\",\"itemListElement\":[{\"@type\":\"ListItem\",\"position\":1,\"name\":\"Home\",\"item\":\"https:\\\/\\\/benzifoundation.org\\\/it\\\/\"},{\"@type\":\"ListItem\",\"position\":2,\"name\":\"Convegno a Bari: sfide e opportunit\u00e0 nei tumori rari\"}]},{\"@type\":\"WebSite\",\"@id\":\"https:\\\/\\\/benzifoundation.org\\\/it\\\/#website\",\"url\":\"https:\\\/\\\/benzifoundation.org\\\/it\\\/\",\"name\":\"Fondazione Gianni Benzi - ETS\",\"description\":\"\",\"potentialAction\":[{\"@type\":\"SearchAction\",\"target\":{\"@type\":\"EntryPoint\",\"urlTemplate\":\"https:\\\/\\\/benzifoundation.org\\\/it\\\/?s={search_term_string}\"},\"query-input\":{\"@type\":\"PropertyValueSpecification\",\"valueRequired\":true,\"valueName\":\"search_term_string\"}}],\"inLanguage\":\"it-IT\"},{\"@type\":\"Person\",\"@id\":\"https:\\\/\\\/benzifoundation.org\\\/it\\\/#\\\/schema\\\/person\\\/b927dbd45f2d82849380299ff732c266\",\"name\":\"admin\",\"image\":{\"@type\":\"ImageObject\",\"inLanguage\":\"it-IT\",\"@id\":\"https:\\\/\\\/secure.gravatar.com\\\/avatar\\\/b53d43f1aaeceec75df4938b3e2a7ffb4ca7517db228bbe25ca85e468bfa6e26?s=96&d=mm&r=g\",\"url\":\"https:\\\/\\\/secure.gravatar.com\\\/avatar\\\/b53d43f1aaeceec75df4938b3e2a7ffb4ca7517db228bbe25ca85e468bfa6e26?s=96&d=mm&r=g\",\"contentUrl\":\"https:\\\/\\\/secure.gravatar.com\\\/avatar\\\/b53d43f1aaeceec75df4938b3e2a7ffb4ca7517db228bbe25ca85e468bfa6e26?s=96&d=mm&r=g\",\"caption\":\"admin\"},\"sameAs\":[\"https:\\\/\\\/benzifoundation.org\"],\"url\":\"https:\\\/\\\/benzifoundation.org\\\/it\\\/author\\\/admin\\\/\"}]}<\/script>\n<!-- \/ Yoast SEO plugin. -->","yoast_head_json":{"title":"Convegno a Bari: sfide e opportunit\u00e0 nei tumori rari - Fondazione Gianni Benzi - ETS","description":"Meeting in Bari on rare cancers: diagnosis, therapies, and cooperation. Doctors, patients, and institutions to improve research and care.","robots":{"index":"index","follow":"follow","max-snippet":"max-snippet:-1","max-image-preview":"max-image-preview:large","max-video-preview":"max-video-preview:-1"},"canonical":"https:\/\/benzifoundation.org\/it\/convegno-a-bari-sfide-e-opportunita-nei-tumori-rari\/","og_locale":"it_IT","og_type":"article","og_title":"Convegno a Bari: sfide e opportunit\u00e0 nei tumori rari - Fondazione Gianni Benzi - ETS","og_description":"Meeting in Bari on rare cancers: diagnosis, therapies, and cooperation. Doctors, patients, and institutions to improve research and care.","og_url":"https:\/\/benzifoundation.org\/it\/convegno-a-bari-sfide-e-opportunita-nei-tumori-rari\/","og_site_name":"Fondazione Gianni Benzi - ETS","article_published_time":"2023-02-10T15:56:47+00:00","og_image":[{"width":617,"height":512,"url":"https:\/\/benzifoundation.org\/wp-content\/uploads\/2026\/01\/Immagine3-1.png","type":"image\/png"}],"author":"admin","twitter_card":"summary_large_image","twitter_misc":{"Scritto da":"admin","Tempo di lettura stimato":"1 minuto"},"schema":{"@context":"https:\/\/schema.org","@graph":[{"@type":"Article","@id":"https:\/\/benzifoundation.org\/it\/convegno-a-bari-sfide-e-opportunita-nei-tumori-rari\/#article","isPartOf":{"@id":"https:\/\/benzifoundation.org\/it\/convegno-a-bari-sfide-e-opportunita-nei-tumori-rari\/"},"author":{"name":"admin","@id":"https:\/\/benzifoundation.org\/it\/#\/schema\/person\/b927dbd45f2d82849380299ff732c266"},"headline":"Convegno a Bari: sfide e opportunit\u00e0 nei tumori rari","datePublished":"2023-02-10T15:56:47+00:00","mainEntityOfPage":{"@id":"https:\/\/benzifoundation.org\/it\/convegno-a-bari-sfide-e-opportunita-nei-tumori-rari\/"},"wordCount":234,"commentCount":0,"image":{"@id":"https:\/\/benzifoundation.org\/it\/convegno-a-bari-sfide-e-opportunita-nei-tumori-rari\/#primaryimage"},"thumbnailUrl":"https:\/\/benzifoundation.org\/wp-content\/uploads\/2026\/01\/Immagine3-1.png","keywords":["rare disease day"],"articleSection":["News","Rare diseases"],"inLanguage":"it-IT","potentialAction":[{"@type":"CommentAction","name":"Comment","target":["https:\/\/benzifoundation.org\/it\/convegno-a-bari-sfide-e-opportunita-nei-tumori-rari\/#respond"]}]},{"@type":"WebPage","@id":"https:\/\/benzifoundation.org\/it\/convegno-a-bari-sfide-e-opportunita-nei-tumori-rari\/","url":"https:\/\/benzifoundation.org\/it\/convegno-a-bari-sfide-e-opportunita-nei-tumori-rari\/","name":"Convegno a Bari: sfide e opportunit\u00e0 nei tumori rari - Fondazione Gianni Benzi - ETS","isPartOf":{"@id":"https:\/\/benzifoundation.org\/it\/#website"},"primaryImageOfPage":{"@id":"https:\/\/benzifoundation.org\/it\/convegno-a-bari-sfide-e-opportunita-nei-tumori-rari\/#primaryimage"},"image":{"@id":"https:\/\/benzifoundation.org\/it\/convegno-a-bari-sfide-e-opportunita-nei-tumori-rari\/#primaryimage"},"thumbnailUrl":"https:\/\/benzifoundation.org\/wp-content\/uploads\/2026\/01\/Immagine3-1.png","datePublished":"2023-02-10T15:56:47+00:00","author":{"@id":"https:\/\/benzifoundation.org\/it\/#\/schema\/person\/b927dbd45f2d82849380299ff732c266"},"description":"Meeting in Bari on rare cancers: diagnosis, therapies, and cooperation. Doctors, patients, and institutions to improve research and care.","breadcrumb":{"@id":"https:\/\/benzifoundation.org\/it\/convegno-a-bari-sfide-e-opportunita-nei-tumori-rari\/#breadcrumb"},"inLanguage":"it-IT","potentialAction":[{"@type":"ReadAction","target":["https:\/\/benzifoundation.org\/it\/convegno-a-bari-sfide-e-opportunita-nei-tumori-rari\/"]}]},{"@type":"ImageObject","inLanguage":"it-IT","@id":"https:\/\/benzifoundation.org\/it\/convegno-a-bari-sfide-e-opportunita-nei-tumori-rari\/#primaryimage","url":"https:\/\/benzifoundation.org\/wp-content\/uploads\/2026\/01\/Immagine3-1.png","contentUrl":"https:\/\/benzifoundation.org\/wp-content\/uploads\/2026\/01\/Immagine3-1.png","width":617,"height":512},{"@type":"BreadcrumbList","@id":"https:\/\/benzifoundation.org\/it\/convegno-a-bari-sfide-e-opportunita-nei-tumori-rari\/#breadcrumb","itemListElement":[{"@type":"ListItem","position":1,"name":"Home","item":"https:\/\/benzifoundation.org\/it\/"},{"@type":"ListItem","position":2,"name":"Convegno a Bari: sfide e opportunit\u00e0 nei tumori rari"}]},{"@type":"WebSite","@id":"https:\/\/benzifoundation.org\/it\/#website","url":"https:\/\/benzifoundation.org\/it\/","name":"Fondazione Gianni Benzi - ETS","description":"","potentialAction":[{"@type":"SearchAction","target":{"@type":"EntryPoint","urlTemplate":"https:\/\/benzifoundation.org\/it\/?s={search_term_string}"},"query-input":{"@type":"PropertyValueSpecification","valueRequired":true,"valueName":"search_term_string"}}],"inLanguage":"it-IT"},{"@type":"Person","@id":"https:\/\/benzifoundation.org\/it\/#\/schema\/person\/b927dbd45f2d82849380299ff732c266","name":"admin","image":{"@type":"ImageObject","inLanguage":"it-IT","@id":"https:\/\/secure.gravatar.com\/avatar\/b53d43f1aaeceec75df4938b3e2a7ffb4ca7517db228bbe25ca85e468bfa6e26?s=96&d=mm&r=g","url":"https:\/\/secure.gravatar.com\/avatar\/b53d43f1aaeceec75df4938b3e2a7ffb4ca7517db228bbe25ca85e468bfa6e26?s=96&d=mm&r=g","contentUrl":"https:\/\/secure.gravatar.com\/avatar\/b53d43f1aaeceec75df4938b3e2a7ffb4ca7517db228bbe25ca85e468bfa6e26?s=96&d=mm&r=g","caption":"admin"},"sameAs":["https:\/\/benzifoundation.org"],"url":"https:\/\/benzifoundation.org\/it\/author\/admin\/"}]}},"_links":{"self":[{"href":"https:\/\/benzifoundation.org\/it\/wp-json\/wp\/v2\/posts\/4668","targetHints":{"allow":["GET"]}}],"collection":[{"href":"https:\/\/benzifoundation.org\/it\/wp-json\/wp\/v2\/posts"}],"about":[{"href":"https:\/\/benzifoundation.org\/it\/wp-json\/wp\/v2\/types\/post"}],"author":[{"embeddable":true,"href":"https:\/\/benzifoundation.org\/it\/wp-json\/wp\/v2\/users\/1"}],"replies":[{"embeddable":true,"href":"https:\/\/benzifoundation.org\/it\/wp-json\/wp\/v2\/comments?post=4668"}],"version-history":[{"count":0,"href":"https:\/\/benzifoundation.org\/it\/wp-json\/wp\/v2\/posts\/4668\/revisions"}],"wp:featuredmedia":[{"embeddable":true,"href":"https:\/\/benzifoundation.org\/it\/wp-json\/wp\/v2\/media\/4659"}],"wp:attachment":[{"href":"https:\/\/benzifoundation.org\/it\/wp-json\/wp\/v2\/media?parent=4668"}],"wp:term":[{"taxonomy":"category","embeddable":true,"href":"https:\/\/benzifoundation.org\/it\/wp-json\/wp\/v2\/categories?post=4668"},{"taxonomy":"post_tag","embeddable":true,"href":"https:\/\/benzifoundation.org\/it\/wp-json\/wp\/v2\/tags?post=4668"}],"curies":[{"name":"wp","href":"https:\/\/api.w.org\/{rel}","templated":true}]}}