{"id":4666,"date":"2020-03-01T15:41:39","date_gmt":"2020-03-01T15:41:39","guid":{"rendered":"https:\/\/benzifoundation.org\/giornata-delle-malattie-rare-2020-per-una-consapevolezza-globale\/"},"modified":"2020-03-01T15:41:39","modified_gmt":"2020-03-01T15:41:39","slug":"giornata-delle-malattie-rare-2020-per-una-consapevolezza-globale","status":"publish","type":"post","link":"https:\/\/benzifoundation.org\/it\/giornata-delle-malattie-rare-2020-per-una-consapevolezza-globale\/","title":{"rendered":"Giornata delle malattie rare 2020: per una consapevolezza globale"},"content":{"rendered":"<p>Quest&#8217;anno la <strong><a href=\"https:\/\/www.rarediseaseday.org\/\" target=\"_blank\" rel=\"noopener noreferrer\">Giornata Mondiale delle Malattie Rare<\/a><\/strong> si \u00e8 svolta il 29 febbraio 2020, la giornata pi\u00f9 rara dell&#8217;anno volta ad aumentare la consapevolezza sulle malattie rare, che affliggono pi\u00f9 di 300 milioni di persone.<\/p>\n<p>La comunit\u00e0 delle malattie rare e i suoi sostenitori, tra cui anche la Fondazione Gianni Benzi, si sono uniti per condividere il messaggio: Rare is many worldwide. Rare is strong every day. Rare is proud everywhere!<\/p>\n<p>Migliaia di eventi, come giornate per le famiglie, eventi sportivi, raccolte fondi, conferenze scientifiche, mostre d&#8217;arte, eventi politici e molto altro, sono stati organizzati in tutto il mondo, in oltre 100 Paesi!<\/p>\n<p>La Fondazione ha dato il suo contributo condividendo sui propri canali social la campagna sulle malattie rare supportando l&#8217;accesso pi\u00f9 equo alla diagnosi, alle terapie e alle opportunit\u00e0 sociali.<\/p>\n<p>Tra le varie iniziative, <a href=\"https:\/\/www.ejprarediseases.org\/\" target=\"_blank\" rel=\"noopener noreferrer\"><strong>EJP RD<\/strong><\/a>, di cui Fondazione \u00e8 partner, in occasione della Giornata sulle Malattie Rare ha pubblicato il suo <strong><a href=\"https:\/\/www.ejprarediseases.org\/index.php\/2020\/02\/29\/ejp-rd-celebrates-rare-disease-day\/\" target=\"_blank\" rel=\"noopener noreferrer\">primo video<\/a><\/strong>, che celebra l&#8217;importanza del lavoro fatto dal consorzio EJP RD e rappresenta inoltre il programma del progetto e tutti gli obiettivi che EJP RD sta realizzando! Il contributo di tutti i partner \u00e8 stato fondamentale nel processo di sviluppo della comunit\u00e0 delle malattie rare a <strong>beneficio dei pazienti<\/strong>! <\/p>\n","protected":false},"excerpt":{"rendered":"<p>This year the Rare Disease Day was held on 29th February 2020, the rarest day of the year dedicated to raising awareness for the 300 million people living with a rare disease.<\/p>\n","protected":false},"author":1,"featured_media":4661,"comment_status":"open","ping_status":"open","sticky":false,"template":"","format":"standard","meta":{"footnotes":""},"categories":[205,215],"tags":[223,216],"class_list":["post-4666","post","type-post","status-publish","format-standard","has-post-thumbnail","hentry","category-news","category-rare-diseases","tag-malattie-rare","tag-rare-disease-day"],"yoast_head":"<!-- This site is optimized with the Yoast SEO plugin v28.3 - https:\/\/yoast.com\/product\/yoast-seo-wordpress\/ -->\n<title>Giornata delle malattie rare 2020: per una consapevolezza globale - Fondazione Gianni Benzi - ETS<\/title>\n<meta name=\"description\" content=\"This year the Rare Disease Day was held on 29th February 2020, dedicated to raising awareness for people living with a rare disease.\" \/>\n<meta name=\"robots\" content=\"index, follow, max-snippet:-1, max-image-preview:large, max-video-preview:-1\" \/>\n<link rel=\"canonical\" href=\"https:\/\/benzifoundation.org\/it\/giornata-delle-malattie-rare-2020-per-una-consapevolezza-globale\/\" \/>\n<meta property=\"og:locale\" content=\"it_IT\" \/>\n<meta property=\"og:type\" content=\"article\" \/>\n<meta property=\"og:title\" content=\"Giornata delle malattie rare 2020: per una consapevolezza globale - Fondazione Gianni Benzi - ETS\" \/>\n<meta property=\"og:description\" content=\"This year the Rare Disease Day was held on 29th February 2020, dedicated to raising awareness for people living with a rare disease.\" \/>\n<meta property=\"og:url\" content=\"https:\/\/benzifoundation.org\/it\/giornata-delle-malattie-rare-2020-per-una-consapevolezza-globale\/\" \/>\n<meta property=\"og:site_name\" content=\"Fondazione Gianni Benzi - ETS\" \/>\n<meta property=\"article:published_time\" content=\"2020-03-01T15:41:39+00:00\" \/>\n<meta property=\"og:image\" content=\"https:\/\/benzifoundation.org\/wp-content\/uploads\/2026\/01\/Facebook-Collage.png\" \/>\n\t<meta property=\"og:image:width\" content=\"940\" \/>\n\t<meta property=\"og:image:height\" content=\"788\" \/>\n\t<meta property=\"og:image:type\" content=\"image\/png\" \/>\n<meta name=\"author\" content=\"admin\" \/>\n<meta name=\"twitter:card\" content=\"summary_large_image\" \/>\n<meta name=\"twitter:label1\" content=\"Scritto da\" \/>\n\t<meta name=\"twitter:data1\" content=\"admin\" \/>\n\t<meta name=\"twitter:label2\" content=\"Tempo di lettura stimato\" \/>\n\t<meta name=\"twitter:data2\" content=\"1 minuto\" \/>\n<script type=\"application\/ld+json\" class=\"yoast-schema-graph\">{\"@context\":\"https:\\\/\\\/schema.org\",\"@graph\":[{\"@type\":\"Article\",\"@id\":\"https:\\\/\\\/benzifoundation.org\\\/it\\\/giornata-delle-malattie-rare-2020-per-una-consapevolezza-globale\\\/#article\",\"isPartOf\":{\"@id\":\"https:\\\/\\\/benzifoundation.org\\\/it\\\/giornata-delle-malattie-rare-2020-per-una-consapevolezza-globale\\\/\"},\"author\":{\"name\":\"admin\",\"@id\":\"https:\\\/\\\/benzifoundation.org\\\/it\\\/#\\\/schema\\\/person\\\/b927dbd45f2d82849380299ff732c266\"},\"headline\":\"Giornata delle malattie rare 2020: per una consapevolezza globale\",\"datePublished\":\"2020-03-01T15:41:39+00:00\",\"mainEntityOfPage\":{\"@id\":\"https:\\\/\\\/benzifoundation.org\\\/it\\\/giornata-delle-malattie-rare-2020-per-una-consapevolezza-globale\\\/\"},\"wordCount\":210,\"commentCount\":0,\"image\":{\"@id\":\"https:\\\/\\\/benzifoundation.org\\\/it\\\/giornata-delle-malattie-rare-2020-per-una-consapevolezza-globale\\\/#primaryimage\"},\"thumbnailUrl\":\"https:\\\/\\\/benzifoundation.org\\\/wp-content\\\/uploads\\\/2026\\\/01\\\/Facebook-Collage.png\",\"keywords\":[\"malattie rare\",\"rare disease day\"],\"articleSection\":[\"News\",\"Rare diseases\"],\"inLanguage\":\"it-IT\",\"potentialAction\":[{\"@type\":\"CommentAction\",\"name\":\"Comment\",\"target\":[\"https:\\\/\\\/benzifoundation.org\\\/it\\\/giornata-delle-malattie-rare-2020-per-una-consapevolezza-globale\\\/#respond\"]}]},{\"@type\":\"WebPage\",\"@id\":\"https:\\\/\\\/benzifoundation.org\\\/it\\\/giornata-delle-malattie-rare-2020-per-una-consapevolezza-globale\\\/\",\"url\":\"https:\\\/\\\/benzifoundation.org\\\/it\\\/giornata-delle-malattie-rare-2020-per-una-consapevolezza-globale\\\/\",\"name\":\"Giornata delle malattie rare 2020: per una consapevolezza globale - Fondazione Gianni Benzi - ETS\",\"isPartOf\":{\"@id\":\"https:\\\/\\\/benzifoundation.org\\\/it\\\/#website\"},\"primaryImageOfPage\":{\"@id\":\"https:\\\/\\\/benzifoundation.org\\\/it\\\/giornata-delle-malattie-rare-2020-per-una-consapevolezza-globale\\\/#primaryimage\"},\"image\":{\"@id\":\"https:\\\/\\\/benzifoundation.org\\\/it\\\/giornata-delle-malattie-rare-2020-per-una-consapevolezza-globale\\\/#primaryimage\"},\"thumbnailUrl\":\"https:\\\/\\\/benzifoundation.org\\\/wp-content\\\/uploads\\\/2026\\\/01\\\/Facebook-Collage.png\",\"datePublished\":\"2020-03-01T15:41:39+00:00\",\"author\":{\"@id\":\"https:\\\/\\\/benzifoundation.org\\\/it\\\/#\\\/schema\\\/person\\\/b927dbd45f2d82849380299ff732c266\"},\"description\":\"This year the Rare Disease Day was held on 29th February 2020, dedicated to raising awareness for people living with a rare disease.\",\"breadcrumb\":{\"@id\":\"https:\\\/\\\/benzifoundation.org\\\/it\\\/giornata-delle-malattie-rare-2020-per-una-consapevolezza-globale\\\/#breadcrumb\"},\"inLanguage\":\"it-IT\",\"potentialAction\":[{\"@type\":\"ReadAction\",\"target\":[\"https:\\\/\\\/benzifoundation.org\\\/it\\\/giornata-delle-malattie-rare-2020-per-una-consapevolezza-globale\\\/\"]}]},{\"@type\":\"ImageObject\",\"inLanguage\":\"it-IT\",\"@id\":\"https:\\\/\\\/benzifoundation.org\\\/it\\\/giornata-delle-malattie-rare-2020-per-una-consapevolezza-globale\\\/#primaryimage\",\"url\":\"https:\\\/\\\/benzifoundation.org\\\/wp-content\\\/uploads\\\/2026\\\/01\\\/Facebook-Collage.png\",\"contentUrl\":\"https:\\\/\\\/benzifoundation.org\\\/wp-content\\\/uploads\\\/2026\\\/01\\\/Facebook-Collage.png\",\"width\":940,\"height\":788},{\"@type\":\"BreadcrumbList\",\"@id\":\"https:\\\/\\\/benzifoundation.org\\\/it\\\/giornata-delle-malattie-rare-2020-per-una-consapevolezza-globale\\\/#breadcrumb\",\"itemListElement\":[{\"@type\":\"ListItem\",\"position\":1,\"name\":\"Home\",\"item\":\"https:\\\/\\\/benzifoundation.org\\\/it\\\/\"},{\"@type\":\"ListItem\",\"position\":2,\"name\":\"Giornata delle malattie rare 2020: per una consapevolezza globale\"}]},{\"@type\":\"WebSite\",\"@id\":\"https:\\\/\\\/benzifoundation.org\\\/it\\\/#website\",\"url\":\"https:\\\/\\\/benzifoundation.org\\\/it\\\/\",\"name\":\"Fondazione Gianni Benzi - ETS\",\"description\":\"\",\"potentialAction\":[{\"@type\":\"SearchAction\",\"target\":{\"@type\":\"EntryPoint\",\"urlTemplate\":\"https:\\\/\\\/benzifoundation.org\\\/it\\\/?s={search_term_string}\"},\"query-input\":{\"@type\":\"PropertyValueSpecification\",\"valueRequired\":true,\"valueName\":\"search_term_string\"}}],\"inLanguage\":\"it-IT\"},{\"@type\":\"Person\",\"@id\":\"https:\\\/\\\/benzifoundation.org\\\/it\\\/#\\\/schema\\\/person\\\/b927dbd45f2d82849380299ff732c266\",\"name\":\"admin\",\"image\":{\"@type\":\"ImageObject\",\"inLanguage\":\"it-IT\",\"@id\":\"https:\\\/\\\/secure.gravatar.com\\\/avatar\\\/b53d43f1aaeceec75df4938b3e2a7ffb4ca7517db228bbe25ca85e468bfa6e26?s=96&d=mm&r=g\",\"url\":\"https:\\\/\\\/secure.gravatar.com\\\/avatar\\\/b53d43f1aaeceec75df4938b3e2a7ffb4ca7517db228bbe25ca85e468bfa6e26?s=96&d=mm&r=g\",\"contentUrl\":\"https:\\\/\\\/secure.gravatar.com\\\/avatar\\\/b53d43f1aaeceec75df4938b3e2a7ffb4ca7517db228bbe25ca85e468bfa6e26?s=96&d=mm&r=g\",\"caption\":\"admin\"},\"sameAs\":[\"https:\\\/\\\/benzifoundation.org\"],\"url\":\"https:\\\/\\\/benzifoundation.org\\\/it\\\/author\\\/admin\\\/\"}]}<\/script>\n<!-- \/ Yoast SEO plugin. -->","yoast_head_json":{"title":"Giornata delle malattie rare 2020: per una consapevolezza globale - Fondazione Gianni Benzi - ETS","description":"This year the Rare Disease Day was held on 29th February 2020, dedicated to raising awareness for people living with a rare disease.","robots":{"index":"index","follow":"follow","max-snippet":"max-snippet:-1","max-image-preview":"max-image-preview:large","max-video-preview":"max-video-preview:-1"},"canonical":"https:\/\/benzifoundation.org\/it\/giornata-delle-malattie-rare-2020-per-una-consapevolezza-globale\/","og_locale":"it_IT","og_type":"article","og_title":"Giornata delle malattie rare 2020: per una consapevolezza globale - Fondazione Gianni Benzi - ETS","og_description":"This year the Rare Disease Day was held on 29th February 2020, dedicated to raising awareness for people living with a rare disease.","og_url":"https:\/\/benzifoundation.org\/it\/giornata-delle-malattie-rare-2020-per-una-consapevolezza-globale\/","og_site_name":"Fondazione Gianni Benzi - ETS","article_published_time":"2020-03-01T15:41:39+00:00","og_image":[{"width":940,"height":788,"url":"https:\/\/benzifoundation.org\/wp-content\/uploads\/2026\/01\/Facebook-Collage.png","type":"image\/png"}],"author":"admin","twitter_card":"summary_large_image","twitter_misc":{"Scritto da":"admin","Tempo di lettura stimato":"1 minuto"},"schema":{"@context":"https:\/\/schema.org","@graph":[{"@type":"Article","@id":"https:\/\/benzifoundation.org\/it\/giornata-delle-malattie-rare-2020-per-una-consapevolezza-globale\/#article","isPartOf":{"@id":"https:\/\/benzifoundation.org\/it\/giornata-delle-malattie-rare-2020-per-una-consapevolezza-globale\/"},"author":{"name":"admin","@id":"https:\/\/benzifoundation.org\/it\/#\/schema\/person\/b927dbd45f2d82849380299ff732c266"},"headline":"Giornata delle malattie rare 2020: per una consapevolezza globale","datePublished":"2020-03-01T15:41:39+00:00","mainEntityOfPage":{"@id":"https:\/\/benzifoundation.org\/it\/giornata-delle-malattie-rare-2020-per-una-consapevolezza-globale\/"},"wordCount":210,"commentCount":0,"image":{"@id":"https:\/\/benzifoundation.org\/it\/giornata-delle-malattie-rare-2020-per-una-consapevolezza-globale\/#primaryimage"},"thumbnailUrl":"https:\/\/benzifoundation.org\/wp-content\/uploads\/2026\/01\/Facebook-Collage.png","keywords":["malattie rare","rare disease day"],"articleSection":["News","Rare diseases"],"inLanguage":"it-IT","potentialAction":[{"@type":"CommentAction","name":"Comment","target":["https:\/\/benzifoundation.org\/it\/giornata-delle-malattie-rare-2020-per-una-consapevolezza-globale\/#respond"]}]},{"@type":"WebPage","@id":"https:\/\/benzifoundation.org\/it\/giornata-delle-malattie-rare-2020-per-una-consapevolezza-globale\/","url":"https:\/\/benzifoundation.org\/it\/giornata-delle-malattie-rare-2020-per-una-consapevolezza-globale\/","name":"Giornata delle malattie rare 2020: per una consapevolezza globale - Fondazione Gianni Benzi - ETS","isPartOf":{"@id":"https:\/\/benzifoundation.org\/it\/#website"},"primaryImageOfPage":{"@id":"https:\/\/benzifoundation.org\/it\/giornata-delle-malattie-rare-2020-per-una-consapevolezza-globale\/#primaryimage"},"image":{"@id":"https:\/\/benzifoundation.org\/it\/giornata-delle-malattie-rare-2020-per-una-consapevolezza-globale\/#primaryimage"},"thumbnailUrl":"https:\/\/benzifoundation.org\/wp-content\/uploads\/2026\/01\/Facebook-Collage.png","datePublished":"2020-03-01T15:41:39+00:00","author":{"@id":"https:\/\/benzifoundation.org\/it\/#\/schema\/person\/b927dbd45f2d82849380299ff732c266"},"description":"This year the Rare Disease Day was held on 29th February 2020, dedicated to raising awareness for people living with a rare disease.","breadcrumb":{"@id":"https:\/\/benzifoundation.org\/it\/giornata-delle-malattie-rare-2020-per-una-consapevolezza-globale\/#breadcrumb"},"inLanguage":"it-IT","potentialAction":[{"@type":"ReadAction","target":["https:\/\/benzifoundation.org\/it\/giornata-delle-malattie-rare-2020-per-una-consapevolezza-globale\/"]}]},{"@type":"ImageObject","inLanguage":"it-IT","@id":"https:\/\/benzifoundation.org\/it\/giornata-delle-malattie-rare-2020-per-una-consapevolezza-globale\/#primaryimage","url":"https:\/\/benzifoundation.org\/wp-content\/uploads\/2026\/01\/Facebook-Collage.png","contentUrl":"https:\/\/benzifoundation.org\/wp-content\/uploads\/2026\/01\/Facebook-Collage.png","width":940,"height":788},{"@type":"BreadcrumbList","@id":"https:\/\/benzifoundation.org\/it\/giornata-delle-malattie-rare-2020-per-una-consapevolezza-globale\/#breadcrumb","itemListElement":[{"@type":"ListItem","position":1,"name":"Home","item":"https:\/\/benzifoundation.org\/it\/"},{"@type":"ListItem","position":2,"name":"Giornata delle malattie rare 2020: per una consapevolezza globale"}]},{"@type":"WebSite","@id":"https:\/\/benzifoundation.org\/it\/#website","url":"https:\/\/benzifoundation.org\/it\/","name":"Fondazione Gianni Benzi - ETS","description":"","potentialAction":[{"@type":"SearchAction","target":{"@type":"EntryPoint","urlTemplate":"https:\/\/benzifoundation.org\/it\/?s={search_term_string}"},"query-input":{"@type":"PropertyValueSpecification","valueRequired":true,"valueName":"search_term_string"}}],"inLanguage":"it-IT"},{"@type":"Person","@id":"https:\/\/benzifoundation.org\/it\/#\/schema\/person\/b927dbd45f2d82849380299ff732c266","name":"admin","image":{"@type":"ImageObject","inLanguage":"it-IT","@id":"https:\/\/secure.gravatar.com\/avatar\/b53d43f1aaeceec75df4938b3e2a7ffb4ca7517db228bbe25ca85e468bfa6e26?s=96&d=mm&r=g","url":"https:\/\/secure.gravatar.com\/avatar\/b53d43f1aaeceec75df4938b3e2a7ffb4ca7517db228bbe25ca85e468bfa6e26?s=96&d=mm&r=g","contentUrl":"https:\/\/secure.gravatar.com\/avatar\/b53d43f1aaeceec75df4938b3e2a7ffb4ca7517db228bbe25ca85e468bfa6e26?s=96&d=mm&r=g","caption":"admin"},"sameAs":["https:\/\/benzifoundation.org"],"url":"https:\/\/benzifoundation.org\/it\/author\/admin\/"}]}},"_links":{"self":[{"href":"https:\/\/benzifoundation.org\/it\/wp-json\/wp\/v2\/posts\/4666","targetHints":{"allow":["GET"]}}],"collection":[{"href":"https:\/\/benzifoundation.org\/it\/wp-json\/wp\/v2\/posts"}],"about":[{"href":"https:\/\/benzifoundation.org\/it\/wp-json\/wp\/v2\/types\/post"}],"author":[{"embeddable":true,"href":"https:\/\/benzifoundation.org\/it\/wp-json\/wp\/v2\/users\/1"}],"replies":[{"embeddable":true,"href":"https:\/\/benzifoundation.org\/it\/wp-json\/wp\/v2\/comments?post=4666"}],"version-history":[{"count":0,"href":"https:\/\/benzifoundation.org\/it\/wp-json\/wp\/v2\/posts\/4666\/revisions"}],"wp:featuredmedia":[{"embeddable":true,"href":"https:\/\/benzifoundation.org\/it\/wp-json\/wp\/v2\/media\/4661"}],"wp:attachment":[{"href":"https:\/\/benzifoundation.org\/it\/wp-json\/wp\/v2\/media?parent=4666"}],"wp:term":[{"taxonomy":"category","embeddable":true,"href":"https:\/\/benzifoundation.org\/it\/wp-json\/wp\/v2\/categories?post=4666"},{"taxonomy":"post_tag","embeddable":true,"href":"https:\/\/benzifoundation.org\/it\/wp-json\/wp\/v2\/tags?post=4666"}],"curies":[{"name":"wp","href":"https:\/\/api.w.org\/{rel}","templated":true}]}}