{"id":4655,"date":"2023-06-19T16:00:08","date_gmt":"2023-06-19T16:00:08","guid":{"rendered":"https:\/\/benzifoundation.org\/giornata-mondiale-anemia-falciforme-2023\/"},"modified":"2023-06-19T16:00:08","modified_gmt":"2023-06-19T16:00:08","slug":"giornata-mondiale-anemia-falciforme-2023","status":"publish","type":"post","link":"https:\/\/benzifoundation.org\/it\/giornata-mondiale-anemia-falciforme-2023\/","title":{"rendered":"Giornata mondiale anemia falciforme 2023"},"content":{"rendered":"<p><strong>Celebriamo oggi la Giornata Mondiale sull\u2019Anemia Falciforme 2023! <\/strong><\/p>\n<p>Circa 300,000 bambini nascono con l\u2019<strong>anemia falciforme<\/strong> ogni anno in tutto il mondo e molti di loro perdono la vita prima di raggiungere i cinque anni di et\u00e0 in Paesi in via di sviluppo.<\/p>\n<p>Pertanto, il nostro obiettivo \u00e8 quello di puntare i riflettori sull\u2019anemia falciforme creando consapevolezza su questa patologia e aumentando le conoscenze e le competenze che possono portare a cambiamenti positivi nei risultati dell&#8217;assistenza sanitaria, nella qualit\u00e0 della vita dei pazienti e nel carico della malattia.<\/p>\n<p>A tal fine, stiamo lavorando a una guida per i pazienti, famiglie e il pubblico in generale, nell&#8217;ambito del progetto <strong><a href=\"https:\/\/www.ariseinitiative.org\/\" target=\"_blank\" rel=\"noopener\">African Research and Innovative Initiative for Sickle Cell Education &#8211; ARISE<\/a><\/strong>, volto a creare un programma di scambio di personale multidisciplinare tra Paesi europei ed extraeuropei per condividere e diffondere le migliori pratiche di screening neonatale, diagnosi e trattamento. Ad oggi, pi\u00f9 di 37 ricercatori hanno gi\u00e0 avuto l&#8217;opportunit\u00e0 di essere ospitati in diverse istituzioni tra i partner ARISE e di imparare di pi\u00f9 sull\u2019anemia falciforme. <\/p>\n<p>Inoltre, la creazione di una rete ha un ruolo chiave nella condivisione di conoscenze e competenze per migliorare la salute e il benessere dei pazienti. A questo scopo, siamo attivamente coinvolti nelle attivit\u00e0 dell&#8217;<a href=\"https:\/\/www.inherentnetwork.org\/\" target=\"_blank\" rel=\"noopener\"><strong>International Hemoglobinopathy Research Network &#8211; INHERENT<\/strong>.<\/a> <\/p>\n<p><strong>Aiutateci ad aumentare la consapevolezza di questa malattia, diffondi la notizia!<\/strong><\/p>\n","protected":false},"excerpt":{"rendered":"<p>Let\u2019s celebrate the World Sickle Cell Day 2023<\/p>\n","protected":false},"author":1,"featured_media":4650,"comment_status":"open","ping_status":"open","sticky":false,"template":"","format":"standard","meta":{"footnotes":""},"categories":[225],"tags":[222],"class_list":["post-4655","post","type-post","status-publish","format-standard","has-post-thumbnail","hentry","category-haemoglobinopathies","tag-emoglobinopatie"],"yoast_head":"<!-- This site is optimized with the Yoast SEO plugin v28.3 - https:\/\/yoast.com\/product\/yoast-seo-wordpress\/ -->\n<title>Giornata mondiale anemia falciforme 2023 - Fondazione Gianni Benzi - ETS<\/title>\n<meta name=\"description\" content=\"World Sickle Cell Day highlights Sickle Cell Disease awareness. ARISE project and INHERENT network support education and treatment.\" \/>\n<meta name=\"robots\" content=\"index, follow, max-snippet:-1, max-image-preview:large, max-video-preview:-1\" \/>\n<link rel=\"canonical\" href=\"https:\/\/benzifoundation.org\/it\/giornata-mondiale-anemia-falciforme-2023\/\" \/>\n<meta property=\"og:locale\" content=\"it_IT\" \/>\n<meta property=\"og:type\" content=\"article\" \/>\n<meta property=\"og:title\" content=\"Giornata mondiale anemia falciforme 2023 - Fondazione Gianni Benzi - ETS\" \/>\n<meta property=\"og:description\" content=\"World Sickle Cell Day highlights Sickle Cell Disease awareness. ARISE project and INHERENT network support education and treatment.\" \/>\n<meta property=\"og:url\" content=\"https:\/\/benzifoundation.org\/it\/giornata-mondiale-anemia-falciforme-2023\/\" \/>\n<meta property=\"og:site_name\" content=\"Fondazione Gianni Benzi - ETS\" \/>\n<meta property=\"article:published_time\" content=\"2023-06-19T16:00:08+00:00\" \/>\n<meta property=\"og:image\" content=\"https:\/\/benzifoundation.org\/wp-content\/uploads\/2026\/01\/World-Sickle-Cell-Day-23.jpg\" \/>\n\t<meta property=\"og:image:width\" content=\"2000\" \/>\n\t<meta property=\"og:image:height\" content=\"1250\" \/>\n\t<meta property=\"og:image:type\" content=\"image\/jpeg\" \/>\n<meta name=\"author\" content=\"admin\" \/>\n<meta name=\"twitter:card\" content=\"summary_large_image\" \/>\n<meta name=\"twitter:label1\" content=\"Scritto da\" \/>\n\t<meta name=\"twitter:data1\" content=\"admin\" \/>\n\t<meta name=\"twitter:label2\" content=\"Tempo di lettura stimato\" \/>\n\t<meta name=\"twitter:data2\" content=\"1 minuto\" \/>\n<script type=\"application\/ld+json\" class=\"yoast-schema-graph\">{\"@context\":\"https:\\\/\\\/schema.org\",\"@graph\":[{\"@type\":\"Article\",\"@id\":\"https:\\\/\\\/benzifoundation.org\\\/it\\\/giornata-mondiale-anemia-falciforme-2023\\\/#article\",\"isPartOf\":{\"@id\":\"https:\\\/\\\/benzifoundation.org\\\/it\\\/giornata-mondiale-anemia-falciforme-2023\\\/\"},\"author\":{\"name\":\"admin\",\"@id\":\"https:\\\/\\\/benzifoundation.org\\\/it\\\/#\\\/schema\\\/person\\\/b927dbd45f2d82849380299ff732c266\"},\"headline\":\"Giornata mondiale anemia falciforme 2023\",\"datePublished\":\"2023-06-19T16:00:08+00:00\",\"mainEntityOfPage\":{\"@id\":\"https:\\\/\\\/benzifoundation.org\\\/it\\\/giornata-mondiale-anemia-falciforme-2023\\\/\"},\"wordCount\":231,\"commentCount\":0,\"image\":{\"@id\":\"https:\\\/\\\/benzifoundation.org\\\/it\\\/giornata-mondiale-anemia-falciforme-2023\\\/#primaryimage\"},\"thumbnailUrl\":\"https:\\\/\\\/benzifoundation.org\\\/wp-content\\\/uploads\\\/2026\\\/01\\\/World-Sickle-Cell-Day-23.jpg\",\"keywords\":[\"emoglobinopatie\"],\"articleSection\":[\"Haemoglobinopathies\"],\"inLanguage\":\"it-IT\",\"potentialAction\":[{\"@type\":\"CommentAction\",\"name\":\"Comment\",\"target\":[\"https:\\\/\\\/benzifoundation.org\\\/it\\\/giornata-mondiale-anemia-falciforme-2023\\\/#respond\"]}]},{\"@type\":\"WebPage\",\"@id\":\"https:\\\/\\\/benzifoundation.org\\\/it\\\/giornata-mondiale-anemia-falciforme-2023\\\/\",\"url\":\"https:\\\/\\\/benzifoundation.org\\\/it\\\/giornata-mondiale-anemia-falciforme-2023\\\/\",\"name\":\"Giornata mondiale anemia falciforme 2023 - Fondazione Gianni Benzi - ETS\",\"isPartOf\":{\"@id\":\"https:\\\/\\\/benzifoundation.org\\\/it\\\/#website\"},\"primaryImageOfPage\":{\"@id\":\"https:\\\/\\\/benzifoundation.org\\\/it\\\/giornata-mondiale-anemia-falciforme-2023\\\/#primaryimage\"},\"image\":{\"@id\":\"https:\\\/\\\/benzifoundation.org\\\/it\\\/giornata-mondiale-anemia-falciforme-2023\\\/#primaryimage\"},\"thumbnailUrl\":\"https:\\\/\\\/benzifoundation.org\\\/wp-content\\\/uploads\\\/2026\\\/01\\\/World-Sickle-Cell-Day-23.jpg\",\"datePublished\":\"2023-06-19T16:00:08+00:00\",\"author\":{\"@id\":\"https:\\\/\\\/benzifoundation.org\\\/it\\\/#\\\/schema\\\/person\\\/b927dbd45f2d82849380299ff732c266\"},\"description\":\"World Sickle Cell Day highlights Sickle Cell Disease awareness. ARISE project and INHERENT network support education and treatment.\",\"breadcrumb\":{\"@id\":\"https:\\\/\\\/benzifoundation.org\\\/it\\\/giornata-mondiale-anemia-falciforme-2023\\\/#breadcrumb\"},\"inLanguage\":\"it-IT\",\"potentialAction\":[{\"@type\":\"ReadAction\",\"target\":[\"https:\\\/\\\/benzifoundation.org\\\/it\\\/giornata-mondiale-anemia-falciforme-2023\\\/\"]}]},{\"@type\":\"ImageObject\",\"inLanguage\":\"it-IT\",\"@id\":\"https:\\\/\\\/benzifoundation.org\\\/it\\\/giornata-mondiale-anemia-falciforme-2023\\\/#primaryimage\",\"url\":\"https:\\\/\\\/benzifoundation.org\\\/wp-content\\\/uploads\\\/2026\\\/01\\\/World-Sickle-Cell-Day-23.jpg\",\"contentUrl\":\"https:\\\/\\\/benzifoundation.org\\\/wp-content\\\/uploads\\\/2026\\\/01\\\/World-Sickle-Cell-Day-23.jpg\",\"width\":2000,\"height\":1250},{\"@type\":\"BreadcrumbList\",\"@id\":\"https:\\\/\\\/benzifoundation.org\\\/it\\\/giornata-mondiale-anemia-falciforme-2023\\\/#breadcrumb\",\"itemListElement\":[{\"@type\":\"ListItem\",\"position\":1,\"name\":\"Home\",\"item\":\"https:\\\/\\\/benzifoundation.org\\\/it\\\/\"},{\"@type\":\"ListItem\",\"position\":2,\"name\":\"Giornata mondiale anemia falciforme 2023\"}]},{\"@type\":\"WebSite\",\"@id\":\"https:\\\/\\\/benzifoundation.org\\\/it\\\/#website\",\"url\":\"https:\\\/\\\/benzifoundation.org\\\/it\\\/\",\"name\":\"Fondazione Gianni Benzi - ETS\",\"description\":\"\",\"potentialAction\":[{\"@type\":\"SearchAction\",\"target\":{\"@type\":\"EntryPoint\",\"urlTemplate\":\"https:\\\/\\\/benzifoundation.org\\\/it\\\/?s={search_term_string}\"},\"query-input\":{\"@type\":\"PropertyValueSpecification\",\"valueRequired\":true,\"valueName\":\"search_term_string\"}}],\"inLanguage\":\"it-IT\"},{\"@type\":\"Person\",\"@id\":\"https:\\\/\\\/benzifoundation.org\\\/it\\\/#\\\/schema\\\/person\\\/b927dbd45f2d82849380299ff732c266\",\"name\":\"admin\",\"image\":{\"@type\":\"ImageObject\",\"inLanguage\":\"it-IT\",\"@id\":\"https:\\\/\\\/secure.gravatar.com\\\/avatar\\\/b53d43f1aaeceec75df4938b3e2a7ffb4ca7517db228bbe25ca85e468bfa6e26?s=96&d=mm&r=g\",\"url\":\"https:\\\/\\\/secure.gravatar.com\\\/avatar\\\/b53d43f1aaeceec75df4938b3e2a7ffb4ca7517db228bbe25ca85e468bfa6e26?s=96&d=mm&r=g\",\"contentUrl\":\"https:\\\/\\\/secure.gravatar.com\\\/avatar\\\/b53d43f1aaeceec75df4938b3e2a7ffb4ca7517db228bbe25ca85e468bfa6e26?s=96&d=mm&r=g\",\"caption\":\"admin\"},\"sameAs\":[\"https:\\\/\\\/benzifoundation.org\"],\"url\":\"https:\\\/\\\/benzifoundation.org\\\/it\\\/author\\\/admin\\\/\"}]}<\/script>\n<!-- \/ Yoast SEO plugin. -->","yoast_head_json":{"title":"Giornata mondiale anemia falciforme 2023 - Fondazione Gianni Benzi - ETS","description":"World Sickle Cell Day highlights Sickle Cell Disease awareness. ARISE project and INHERENT network support education and treatment.","robots":{"index":"index","follow":"follow","max-snippet":"max-snippet:-1","max-image-preview":"max-image-preview:large","max-video-preview":"max-video-preview:-1"},"canonical":"https:\/\/benzifoundation.org\/it\/giornata-mondiale-anemia-falciforme-2023\/","og_locale":"it_IT","og_type":"article","og_title":"Giornata mondiale anemia falciforme 2023 - Fondazione Gianni Benzi - ETS","og_description":"World Sickle Cell Day highlights Sickle Cell Disease awareness. ARISE project and INHERENT network support education and treatment.","og_url":"https:\/\/benzifoundation.org\/it\/giornata-mondiale-anemia-falciforme-2023\/","og_site_name":"Fondazione Gianni Benzi - ETS","article_published_time":"2023-06-19T16:00:08+00:00","og_image":[{"width":2000,"height":1250,"url":"https:\/\/benzifoundation.org\/wp-content\/uploads\/2026\/01\/World-Sickle-Cell-Day-23.jpg","type":"image\/jpeg"}],"author":"admin","twitter_card":"summary_large_image","twitter_misc":{"Scritto da":"admin","Tempo di lettura stimato":"1 minuto"},"schema":{"@context":"https:\/\/schema.org","@graph":[{"@type":"Article","@id":"https:\/\/benzifoundation.org\/it\/giornata-mondiale-anemia-falciforme-2023\/#article","isPartOf":{"@id":"https:\/\/benzifoundation.org\/it\/giornata-mondiale-anemia-falciforme-2023\/"},"author":{"name":"admin","@id":"https:\/\/benzifoundation.org\/it\/#\/schema\/person\/b927dbd45f2d82849380299ff732c266"},"headline":"Giornata mondiale anemia falciforme 2023","datePublished":"2023-06-19T16:00:08+00:00","mainEntityOfPage":{"@id":"https:\/\/benzifoundation.org\/it\/giornata-mondiale-anemia-falciforme-2023\/"},"wordCount":231,"commentCount":0,"image":{"@id":"https:\/\/benzifoundation.org\/it\/giornata-mondiale-anemia-falciforme-2023\/#primaryimage"},"thumbnailUrl":"https:\/\/benzifoundation.org\/wp-content\/uploads\/2026\/01\/World-Sickle-Cell-Day-23.jpg","keywords":["emoglobinopatie"],"articleSection":["Haemoglobinopathies"],"inLanguage":"it-IT","potentialAction":[{"@type":"CommentAction","name":"Comment","target":["https:\/\/benzifoundation.org\/it\/giornata-mondiale-anemia-falciforme-2023\/#respond"]}]},{"@type":"WebPage","@id":"https:\/\/benzifoundation.org\/it\/giornata-mondiale-anemia-falciforme-2023\/","url":"https:\/\/benzifoundation.org\/it\/giornata-mondiale-anemia-falciforme-2023\/","name":"Giornata mondiale anemia falciforme 2023 - Fondazione Gianni Benzi - ETS","isPartOf":{"@id":"https:\/\/benzifoundation.org\/it\/#website"},"primaryImageOfPage":{"@id":"https:\/\/benzifoundation.org\/it\/giornata-mondiale-anemia-falciforme-2023\/#primaryimage"},"image":{"@id":"https:\/\/benzifoundation.org\/it\/giornata-mondiale-anemia-falciforme-2023\/#primaryimage"},"thumbnailUrl":"https:\/\/benzifoundation.org\/wp-content\/uploads\/2026\/01\/World-Sickle-Cell-Day-23.jpg","datePublished":"2023-06-19T16:00:08+00:00","author":{"@id":"https:\/\/benzifoundation.org\/it\/#\/schema\/person\/b927dbd45f2d82849380299ff732c266"},"description":"World Sickle Cell Day highlights Sickle Cell Disease awareness. ARISE project and INHERENT network support education and treatment.","breadcrumb":{"@id":"https:\/\/benzifoundation.org\/it\/giornata-mondiale-anemia-falciforme-2023\/#breadcrumb"},"inLanguage":"it-IT","potentialAction":[{"@type":"ReadAction","target":["https:\/\/benzifoundation.org\/it\/giornata-mondiale-anemia-falciforme-2023\/"]}]},{"@type":"ImageObject","inLanguage":"it-IT","@id":"https:\/\/benzifoundation.org\/it\/giornata-mondiale-anemia-falciforme-2023\/#primaryimage","url":"https:\/\/benzifoundation.org\/wp-content\/uploads\/2026\/01\/World-Sickle-Cell-Day-23.jpg","contentUrl":"https:\/\/benzifoundation.org\/wp-content\/uploads\/2026\/01\/World-Sickle-Cell-Day-23.jpg","width":2000,"height":1250},{"@type":"BreadcrumbList","@id":"https:\/\/benzifoundation.org\/it\/giornata-mondiale-anemia-falciforme-2023\/#breadcrumb","itemListElement":[{"@type":"ListItem","position":1,"name":"Home","item":"https:\/\/benzifoundation.org\/it\/"},{"@type":"ListItem","position":2,"name":"Giornata mondiale anemia falciforme 2023"}]},{"@type":"WebSite","@id":"https:\/\/benzifoundation.org\/it\/#website","url":"https:\/\/benzifoundation.org\/it\/","name":"Fondazione Gianni Benzi - ETS","description":"","potentialAction":[{"@type":"SearchAction","target":{"@type":"EntryPoint","urlTemplate":"https:\/\/benzifoundation.org\/it\/?s={search_term_string}"},"query-input":{"@type":"PropertyValueSpecification","valueRequired":true,"valueName":"search_term_string"}}],"inLanguage":"it-IT"},{"@type":"Person","@id":"https:\/\/benzifoundation.org\/it\/#\/schema\/person\/b927dbd45f2d82849380299ff732c266","name":"admin","image":{"@type":"ImageObject","inLanguage":"it-IT","@id":"https:\/\/secure.gravatar.com\/avatar\/b53d43f1aaeceec75df4938b3e2a7ffb4ca7517db228bbe25ca85e468bfa6e26?s=96&d=mm&r=g","url":"https:\/\/secure.gravatar.com\/avatar\/b53d43f1aaeceec75df4938b3e2a7ffb4ca7517db228bbe25ca85e468bfa6e26?s=96&d=mm&r=g","contentUrl":"https:\/\/secure.gravatar.com\/avatar\/b53d43f1aaeceec75df4938b3e2a7ffb4ca7517db228bbe25ca85e468bfa6e26?s=96&d=mm&r=g","caption":"admin"},"sameAs":["https:\/\/benzifoundation.org"],"url":"https:\/\/benzifoundation.org\/it\/author\/admin\/"}]}},"_links":{"self":[{"href":"https:\/\/benzifoundation.org\/it\/wp-json\/wp\/v2\/posts\/4655","targetHints":{"allow":["GET"]}}],"collection":[{"href":"https:\/\/benzifoundation.org\/it\/wp-json\/wp\/v2\/posts"}],"about":[{"href":"https:\/\/benzifoundation.org\/it\/wp-json\/wp\/v2\/types\/post"}],"author":[{"embeddable":true,"href":"https:\/\/benzifoundation.org\/it\/wp-json\/wp\/v2\/users\/1"}],"replies":[{"embeddable":true,"href":"https:\/\/benzifoundation.org\/it\/wp-json\/wp\/v2\/comments?post=4655"}],"version-history":[{"count":0,"href":"https:\/\/benzifoundation.org\/it\/wp-json\/wp\/v2\/posts\/4655\/revisions"}],"wp:featuredmedia":[{"embeddable":true,"href":"https:\/\/benzifoundation.org\/it\/wp-json\/wp\/v2\/media\/4650"}],"wp:attachment":[{"href":"https:\/\/benzifoundation.org\/it\/wp-json\/wp\/v2\/media?parent=4655"}],"wp:term":[{"taxonomy":"category","embeddable":true,"href":"https:\/\/benzifoundation.org\/it\/wp-json\/wp\/v2\/categories?post=4655"},{"taxonomy":"post_tag","embeddable":true,"href":"https:\/\/benzifoundation.org\/it\/wp-json\/wp\/v2\/tags?post=4655"}],"curies":[{"name":"wp","href":"https:\/\/api.w.org\/{rel}","templated":true}]}}